{"id":849,"date":"2022-04-07T16:36:56","date_gmt":"2022-04-07T16:36:56","guid":{"rendered":"https:\/\/www.siderlandet.no\/?p=849"},"modified":"2025-09-23T20:58:46","modified_gmt":"2025-09-23T20:58:46","slug":"agnar-lund","status":"publish","type":"post","link":"https:\/\/www.siderlandet.no\/nl\/agnar-lund\/","title":{"rendered":"Nordre Bergan G\u00e5rd &#8211; Agnar Lund"},"content":{"rendered":"<h2>\n\t\tNORDRE BERGAN G\u00c5RD\n\t<\/h2>\n\t<p>Her p\u00e5 Nordre bergan g\u00e5rd dyrker jeg epler, gresskar og korn. Egen big\u00e5rd med salg av honning h\u00f8rer ogs\u00e5 til. I tillegg videreforedler jeg epler til Sider og Eplemost. Epler og gresskar blir levert til Bama og i tillegg solgt i egen g\u00e5rdsbutikk.<\/p>\n<p>Vi dyrker v\u00e5re epler p\u00e5 god morene jord. Som best\u00e5r av siltig sand til lett leire. Jorden er steinrik og inneholder mineraler og er i god hevd. Den steinrike jorden er med p\u00e5 \u00e5 \u00f8ke jordtemperaturen samtidig som den er med p\u00e5 \u00e5 bremse vekst i frukttr\u00e6rne, som da gir mer velutviklede epler. Hele frukthagen ligger i s\u00f8rvendt helling og har derfor de beste lysforholdene som er med p\u00e5 \u00e5 produsere den gode smaken.<\/p>\n\t<img decoding=\"async\" src=\"&#8217;[wpbb\" alt=\"Produsent logo 2\" style=\"border: 0\" \/>&#8216; producer_url=&#8217;&#8216;]\n\t<button style=\"background-color: #eb3b41; border: none;\" onclick=\"window.location.href=''\">&#8216;\n]\n[trp_language language=\"nb_NO\"] \nProdukter fra [wpbb post:title]\n[\/trp_language]\n[trp_language language=\"en_US\"] \nProducts from [wpbb post:title]\n[\/trp_language]\n[trp_language language=\"de_DE\"] \nProdukte von [wpbb post:title]\n[\/trp_language]\n<\/button>\n\t<p><strong>\u00c5PNINGSTIDER G\u00c5RDSUTSALG:<\/strong><\/p>\nJan.-Aug. Fre-L\u00f8r 10-17<br \/>\nSept.-Des. Tor-Fre-L\u00f8r 10-17\n<p>&nbsp;<\/p>\n\t<p><strong>Kontaktinformasjon: <\/strong><\/p>\nAdresse: R\u00e5stadveien 241<br \/>\n3239 Sandefjord<br \/>\nKontaktperson: Agnar Lund<br \/>\nTelefon: +47 906 32 815\n\t<a href=\"https:\/\/maps.google.com\/?q=\">\u00c5pne i Google Maps &#10697;<\/a>","protected":false},"excerpt":{"rendered":"<p>Her p\u00e5 Nordre Bergan g\u00e5rd dyrker jeg epler, gresskar og korn. Egen big\u00e5rd med salg av honning h\u00f8rer ogs\u00e5 til. I tillegg videreforedler jeg epler til Sider og Eplemost. . <\/p>","protected":false},"author":3,"featured_media":6471,"comment_status":"closed","ping_status":"closed","sticky":false,"template":"tpl-full-width.php","format":"standard","meta":{"_acf_changed":false,"footnotes":""},"categories":[42],"tags":[13,14,41,127,506,512,23],"produktfylke-tag":[],"produsentfylke":[616],"class_list":["post-849","post","type-post","status-publish","format-standard","has-post-thumbnail","hentry","category-produsent","tag-gardsutsalg","tag-horeca","tag-vinmonopolet","tag-produsent-med-gardsutsalg","tag-produsentsandefjord","tag-produsentvestfold","tag-statlig-tilvirkningsloyve","produsentfylke-vestfold"],"acf":[],"yoast_head":"<!-- This site is optimized with the Yoast SEO plugin v25.9 - https:\/\/yoast.com\/wordpress\/plugins\/seo\/ -->\n<title>Nordre Bergan G\u00e5rd - Agnar Lund - Siderlandet<\/title>\n<meta name=\"description\" content=\"Her p\u00e5 Nordre Bergan g\u00e5rd dyrker jeg epler, gresskar og korn. Egen big\u00e5rd med salg av honning h\u00f8rer ogs\u00e5 til. I tillegg videreforedler jeg epler til Sider og Eplemost.\" \/>\n<meta name=\"robots\" content=\"index, follow, max-snippet:-1, max-image-preview:large, max-video-preview:-1\" \/>\n<link rel=\"canonical\" href=\"https:\/\/www.siderlandet.no\/nl\/agnar-lund\/\" \/>\n<meta property=\"og:locale\" content=\"nl_NL\" \/>\n<meta property=\"og:type\" content=\"article\" \/>\n<meta property=\"og:title\" content=\"Nordre Bergan G\u00e5rd - Agnar Lund - Siderlandet\" \/>\n<meta property=\"og:description\" content=\"Her p\u00e5 Nordre Bergan g\u00e5rd dyrker jeg epler, gresskar og korn. Egen big\u00e5rd med salg av honning h\u00f8rer ogs\u00e5 til. I tillegg videreforedler jeg epler til Sider og Eplemost.\" \/>\n<meta property=\"og:url\" content=\"https:\/\/www.siderlandet.no\/nl\/agnar-lund\/\" \/>\n<meta property=\"og:site_name\" content=\"Siderlandet\" \/>\n<meta property=\"article:publisher\" content=\"https:\/\/www.facebook.com\/siderlandetnorge\/\" \/>\n<meta property=\"article:published_time\" content=\"2022-04-07T16:36:56+00:00\" \/>\n<meta property=\"article:modified_time\" content=\"2025-09-23T20:58:46+00:00\" \/>\n<meta property=\"og:image\" content=\"https:\/\/www.siderlandet.no\/wp-content\/uploads\/2022\/04\/Nordre_Bergan_gard.jpg\" \/>\n\t<meta property=\"og:image:width\" content=\"719\" \/>\n\t<meta property=\"og:image:height\" content=\"495\" \/>\n\t<meta property=\"og:image:type\" content=\"image\/jpeg\" \/>\n<meta name=\"author\" content=\"Anette Vidnes\" \/>\n<meta name=\"twitter:card\" content=\"summary_large_image\" \/>\n<meta name=\"twitter:label1\" content=\"Geschreven door\" \/>\n\t<meta name=\"twitter:data1\" content=\"Anette Vidnes\" \/>\n\t<meta name=\"twitter:label2\" content=\"Verwachte leestijd\" \/>\n\t<meta name=\"twitter:data2\" content=\"2 minuten\" \/>\n<script type=\"application\/ld+json\" class=\"yoast-schema-graph\">{\"@context\":\"https:\/\/schema.org\",\"@graph\":[{\"@type\":\"Article\",\"@id\":\"https:\/\/www.siderlandet.no\/agnar-lund\/#article\",\"isPartOf\":{\"@id\":\"https:\/\/www.siderlandet.no\/agnar-lund\/\"},\"author\":{\"name\":\"Anette Vidnes\",\"@id\":\"https:\/\/www.siderlandet.no\/#\/schema\/person\/deae290409c2f52a3d6e3123676d469e\"},\"headline\":\"Nordre Bergan G\u00e5rd &#8211; Agnar Lund\",\"datePublished\":\"2022-04-07T16:36:56+00:00\",\"dateModified\":\"2025-09-23T20:58:46+00:00\",\"mainEntityOfPage\":{\"@id\":\"https:\/\/www.siderlandet.no\/agnar-lund\/\"},\"wordCount\":240,\"publisher\":{\"@id\":\"https:\/\/www.siderlandet.no\/#organization\"},\"image\":{\"@id\":\"https:\/\/www.siderlandet.no\/agnar-lund\/#primaryimage\"},\"thumbnailUrl\":\"https:\/\/www.siderlandet.no\/wp-content\/uploads\/2022\/04\/Nordre_Bergan_gard.jpg\",\"keywords\":[\"Har g\u00e5rdsutsalg\",\"HORECA\",\"I salg hos Vinmonopolet\",\"produsent med g\u00e5rdsutsalg\",\"ProdusentSandefjord\",\"ProdusentVestfold\",\"Statlig tilvirkningsl\u00f8yve\"],\"articleSection\":[\"Produsent\"],\"inLanguage\":\"nl-NL\"},{\"@type\":\"WebPage\",\"@id\":\"https:\/\/www.siderlandet.no\/agnar-lund\/\",\"url\":\"https:\/\/www.siderlandet.no\/agnar-lund\/\",\"name\":\"Nordre Bergan G\u00e5rd - Agnar Lund - Siderlandet\",\"isPartOf\":{\"@id\":\"https:\/\/www.siderlandet.no\/#website\"},\"primaryImageOfPage\":{\"@id\":\"https:\/\/www.siderlandet.no\/agnar-lund\/#primaryimage\"},\"image\":{\"@id\":\"https:\/\/www.siderlandet.no\/agnar-lund\/#primaryimage\"},\"thumbnailUrl\":\"https:\/\/www.siderlandet.no\/wp-content\/uploads\/2022\/04\/Nordre_Bergan_gard.jpg\",\"datePublished\":\"2022-04-07T16:36:56+00:00\",\"dateModified\":\"2025-09-23T20:58:46+00:00\",\"description\":\"Her p\u00e5 Nordre Bergan g\u00e5rd dyrker jeg epler, gresskar og korn. Egen big\u00e5rd med salg av honning h\u00f8rer ogs\u00e5 til. I tillegg videreforedler jeg epler til Sider og Eplemost.\",\"breadcrumb\":{\"@id\":\"https:\/\/www.siderlandet.no\/agnar-lund\/#breadcrumb\"},\"inLanguage\":\"nl-NL\",\"potentialAction\":[{\"@type\":\"ReadAction\",\"target\":[\"https:\/\/www.siderlandet.no\/agnar-lund\/\"]}]},{\"@type\":\"ImageObject\",\"inLanguage\":\"nl-NL\",\"@id\":\"https:\/\/www.siderlandet.no\/agnar-lund\/#primaryimage\",\"url\":\"https:\/\/www.siderlandet.no\/wp-content\/uploads\/2022\/04\/Nordre_Bergan_gard.jpg\",\"contentUrl\":\"https:\/\/www.siderlandet.no\/wp-content\/uploads\/2022\/04\/Nordre_Bergan_gard.jpg\",\"width\":719,\"height\":495},{\"@type\":\"BreadcrumbList\",\"@id\":\"https:\/\/www.siderlandet.no\/agnar-lund\/#breadcrumb\",\"itemListElement\":[{\"@type\":\"ListItem\",\"position\":1,\"name\":\"Hjem\",\"item\":\"https:\/\/www.siderlandet.no\/\"},{\"@type\":\"ListItem\",\"position\":2,\"name\":\"Nordre Bergan G\u00e5rd &#8211; Agnar Lund\"}]},{\"@type\":\"WebSite\",\"@id\":\"https:\/\/www.siderlandet.no\/#website\",\"url\":\"https:\/\/www.siderlandet.no\/\",\"name\":\"Siderlandet Norge\",\"description\":\"All norsk sider p\u00e5 ett sted\",\"publisher\":{\"@id\":\"https:\/\/www.siderlandet.no\/#organization\"},\"potentialAction\":[{\"@type\":\"SearchAction\",\"target\":{\"@type\":\"EntryPoint\",\"urlTemplate\":\"https:\/\/www.siderlandet.no\/?s={search_term_string}\"},\"query-input\":{\"@type\":\"PropertyValueSpecification\",\"valueRequired\":true,\"valueName\":\"search_term_string\"}}],\"inLanguage\":\"nl-NL\"},{\"@type\":\"Organization\",\"@id\":\"https:\/\/www.siderlandet.no\/#organization\",\"name\":\"Siderlandet Norge\",\"url\":\"https:\/\/www.siderlandet.no\/\",\"logo\":{\"@type\":\"ImageObject\",\"inLanguage\":\"nl-NL\",\"@id\":\"https:\/\/www.siderlandet.no\/#\/schema\/logo\/image\/\",\"url\":\"https:\/\/www.siderlandet.no\/wp-content\/uploads\/2023\/02\/Siderlandet_Staende_sort.png\",\"contentUrl\":\"https:\/\/www.siderlandet.no\/wp-content\/uploads\/2023\/02\/Siderlandet_Staende_sort.png\",\"width\":1867,\"height\":1372,\"caption\":\"Siderlandet Norge\"},\"image\":{\"@id\":\"https:\/\/www.siderlandet.no\/#\/schema\/logo\/image\/\"},\"sameAs\":[\"https:\/\/www.facebook.com\/siderlandetnorge\/\",\"https:\/\/www.instagram.com\/siderlandet\/\"]},{\"@type\":\"Person\",\"@id\":\"https:\/\/www.siderlandet.no\/#\/schema\/person\/deae290409c2f52a3d6e3123676d469e\",\"name\":\"Anette Vidnes\",\"image\":{\"@type\":\"ImageObject\",\"inLanguage\":\"nl-NL\",\"@id\":\"https:\/\/www.siderlandet.no\/#\/schema\/person\/image\/\",\"url\":\"https:\/\/secure.gravatar.com\/avatar\/8682b50fcd60ec79a5bfcecdccdacabfeacd709f221ceabcacdfc87c4d8bdea7?s=96&d=mm&r=g\",\"contentUrl\":\"https:\/\/secure.gravatar.com\/avatar\/8682b50fcd60ec79a5bfcecdccdacabfeacd709f221ceabcacdfc87c4d8bdea7?s=96&d=mm&r=g\",\"caption\":\"Anette Vidnes\"},\"url\":\"https:\/\/www.siderlandet.no\/nl\/author\/anette\/\"}]}<\/script>\n<!-- \/ Yoast SEO plugin. -->","yoast_head_json":{"title":"Nordre Bergan G\u00e5rd - Agnar Lund - Siderlandet","description":"Her p\u00e5 Nordre Bergan g\u00e5rd dyrker jeg epler, gresskar og korn. Egen big\u00e5rd med salg av honning h\u00f8rer ogs\u00e5 til. I tillegg videreforedler jeg epler til Sider og Eplemost.","robots":{"index":"index","follow":"follow","max-snippet":"max-snippet:-1","max-image-preview":"max-image-preview:large","max-video-preview":"max-video-preview:-1"},"canonical":"https:\/\/www.siderlandet.no\/nl\/agnar-lund\/","og_locale":"nl_NL","og_type":"article","og_title":"Nordre Bergan G\u00e5rd - Agnar Lund - Siderlandet","og_description":"Her p\u00e5 Nordre Bergan g\u00e5rd dyrker jeg epler, gresskar og korn. Egen big\u00e5rd med salg av honning h\u00f8rer ogs\u00e5 til. I tillegg videreforedler jeg epler til Sider og Eplemost.","og_url":"https:\/\/www.siderlandet.no\/nl\/agnar-lund\/","og_site_name":"Siderlandet","article_publisher":"https:\/\/www.facebook.com\/siderlandetnorge\/","article_published_time":"2022-04-07T16:36:56+00:00","article_modified_time":"2025-09-23T20:58:46+00:00","og_image":[{"width":719,"height":495,"url":"https:\/\/www.siderlandet.no\/wp-content\/uploads\/2022\/04\/Nordre_Bergan_gard.jpg","type":"image\/jpeg"}],"author":"Anette Vidnes","twitter_card":"summary_large_image","twitter_misc":{"Geschreven door":"Anette Vidnes","Verwachte leestijd":"2 minuten"},"schema":{"@context":"https:\/\/schema.org","@graph":[{"@type":"Article","@id":"https:\/\/www.siderlandet.no\/agnar-lund\/#article","isPartOf":{"@id":"https:\/\/www.siderlandet.no\/agnar-lund\/"},"author":{"name":"Anette Vidnes","@id":"https:\/\/www.siderlandet.no\/#\/schema\/person\/deae290409c2f52a3d6e3123676d469e"},"headline":"Nordre Bergan G\u00e5rd &#8211; Agnar Lund","datePublished":"2022-04-07T16:36:56+00:00","dateModified":"2025-09-23T20:58:46+00:00","mainEntityOfPage":{"@id":"https:\/\/www.siderlandet.no\/agnar-lund\/"},"wordCount":240,"publisher":{"@id":"https:\/\/www.siderlandet.no\/#organization"},"image":{"@id":"https:\/\/www.siderlandet.no\/agnar-lund\/#primaryimage"},"thumbnailUrl":"https:\/\/www.siderlandet.no\/wp-content\/uploads\/2022\/04\/Nordre_Bergan_gard.jpg","keywords":["Har g\u00e5rdsutsalg","HORECA","I salg hos Vinmonopolet","produsent med g\u00e5rdsutsalg","ProdusentSandefjord","ProdusentVestfold","Statlig tilvirkningsl\u00f8yve"],"articleSection":["Produsent"],"inLanguage":"nl-NL"},{"@type":"WebPage","@id":"https:\/\/www.siderlandet.no\/agnar-lund\/","url":"https:\/\/www.siderlandet.no\/agnar-lund\/","name":"Nordre Bergan G\u00e5rd - Agnar Lund - Siderlandet","isPartOf":{"@id":"https:\/\/www.siderlandet.no\/#website"},"primaryImageOfPage":{"@id":"https:\/\/www.siderlandet.no\/agnar-lund\/#primaryimage"},"image":{"@id":"https:\/\/www.siderlandet.no\/agnar-lund\/#primaryimage"},"thumbnailUrl":"https:\/\/www.siderlandet.no\/wp-content\/uploads\/2022\/04\/Nordre_Bergan_gard.jpg","datePublished":"2022-04-07T16:36:56+00:00","dateModified":"2025-09-23T20:58:46+00:00","description":"Her p\u00e5 Nordre Bergan g\u00e5rd dyrker jeg epler, gresskar og korn. Egen big\u00e5rd med salg av honning h\u00f8rer ogs\u00e5 til. I tillegg videreforedler jeg epler til Sider og Eplemost.","breadcrumb":{"@id":"https:\/\/www.siderlandet.no\/agnar-lund\/#breadcrumb"},"inLanguage":"nl-NL","potentialAction":[{"@type":"ReadAction","target":["https:\/\/www.siderlandet.no\/agnar-lund\/"]}]},{"@type":"ImageObject","inLanguage":"nl-NL","@id":"https:\/\/www.siderlandet.no\/agnar-lund\/#primaryimage","url":"https:\/\/www.siderlandet.no\/wp-content\/uploads\/2022\/04\/Nordre_Bergan_gard.jpg","contentUrl":"https:\/\/www.siderlandet.no\/wp-content\/uploads\/2022\/04\/Nordre_Bergan_gard.jpg","width":719,"height":495},{"@type":"BreadcrumbList","@id":"https:\/\/www.siderlandet.no\/agnar-lund\/#breadcrumb","itemListElement":[{"@type":"ListItem","position":1,"name":"Hjem","item":"https:\/\/www.siderlandet.no\/"},{"@type":"ListItem","position":2,"name":"Nordre Bergan G\u00e5rd &#8211; Agnar Lund"}]},{"@type":"WebSite","@id":"https:\/\/www.siderlandet.no\/#website","url":"https:\/\/www.siderlandet.no\/","name":"Siderlandet Norge","description":"All norsk sider p\u00e5 ett sted","publisher":{"@id":"https:\/\/www.siderlandet.no\/#organization"},"potentialAction":[{"@type":"SearchAction","target":{"@type":"EntryPoint","urlTemplate":"https:\/\/www.siderlandet.no\/?s={search_term_string}"},"query-input":{"@type":"PropertyValueSpecification","valueRequired":true,"valueName":"search_term_string"}}],"inLanguage":"nl-NL"},{"@type":"Organization","@id":"https:\/\/www.siderlandet.no\/#organization","name":"Siderlandet Norge","url":"https:\/\/www.siderlandet.no\/","logo":{"@type":"ImageObject","inLanguage":"nl-NL","@id":"https:\/\/www.siderlandet.no\/#\/schema\/logo\/image\/","url":"https:\/\/www.siderlandet.no\/wp-content\/uploads\/2023\/02\/Siderlandet_Staende_sort.png","contentUrl":"https:\/\/www.siderlandet.no\/wp-content\/uploads\/2023\/02\/Siderlandet_Staende_sort.png","width":1867,"height":1372,"caption":"Siderlandet Norge"},"image":{"@id":"https:\/\/www.siderlandet.no\/#\/schema\/logo\/image\/"},"sameAs":["https:\/\/www.facebook.com\/siderlandetnorge\/","https:\/\/www.instagram.com\/siderlandet\/"]},{"@type":"Person","@id":"https:\/\/www.siderlandet.no\/#\/schema\/person\/deae290409c2f52a3d6e3123676d469e","name":"Anette Vidnes","image":{"@type":"ImageObject","inLanguage":"nl-NL","@id":"https:\/\/www.siderlandet.no\/#\/schema\/person\/image\/","url":"https:\/\/secure.gravatar.com\/avatar\/8682b50fcd60ec79a5bfcecdccdacabfeacd709f221ceabcacdfc87c4d8bdea7?s=96&d=mm&r=g","contentUrl":"https:\/\/secure.gravatar.com\/avatar\/8682b50fcd60ec79a5bfcecdccdacabfeacd709f221ceabcacdfc87c4d8bdea7?s=96&d=mm&r=g","caption":"Anette Vidnes"},"url":"https:\/\/www.siderlandet.no\/nl\/author\/anette\/"}]}},"_links":{"self":[{"href":"https:\/\/www.siderlandet.no\/nl\/wp-json\/wp\/v2\/posts\/849","targetHints":{"allow":["GET"]}}],"collection":[{"href":"https:\/\/www.siderlandet.no\/nl\/wp-json\/wp\/v2\/posts"}],"about":[{"href":"https:\/\/www.siderlandet.no\/nl\/wp-json\/wp\/v2\/types\/post"}],"author":[{"embeddable":true,"href":"https:\/\/www.siderlandet.no\/nl\/wp-json\/wp\/v2\/users\/3"}],"replies":[{"embeddable":true,"href":"https:\/\/www.siderlandet.no\/nl\/wp-json\/wp\/v2\/comments?post=849"}],"version-history":[{"count":20,"href":"https:\/\/www.siderlandet.no\/nl\/wp-json\/wp\/v2\/posts\/849\/revisions"}],"predecessor-version":[{"id":7365,"href":"https:\/\/www.siderlandet.no\/nl\/wp-json\/wp\/v2\/posts\/849\/revisions\/7365"}],"wp:featuredmedia":[{"embeddable":true,"href":"https:\/\/www.siderlandet.no\/nl\/wp-json\/wp\/v2\/media\/6471"}],"wp:attachment":[{"href":"https:\/\/www.siderlandet.no\/nl\/wp-json\/wp\/v2\/media?parent=849"}],"wp:term":[{"taxonomy":"category","embeddable":true,"href":"https:\/\/www.siderlandet.no\/nl\/wp-json\/wp\/v2\/categories?post=849"},{"taxonomy":"post_tag","embeddable":true,"href":"https:\/\/www.siderlandet.no\/nl\/wp-json\/wp\/v2\/tags?post=849"},{"taxonomy":"produktfylke-tag","embeddable":true,"href":"https:\/\/www.siderlandet.no\/nl\/wp-json\/wp\/v2\/produktfylke-tag?post=849"},{"taxonomy":"produsentfylke","embeddable":true,"href":"https:\/\/www.siderlandet.no\/nl\/wp-json\/wp\/v2\/produsentfylke?post=849"}],"curies":[{"name":"wp","href":"https:\/\/api.w.org\/{rel}","templated":true}]}}