{"id":6692,"date":"2024-03-05T15:13:39","date_gmt":"2024-03-05T15:13:39","guid":{"rendered":"https:\/\/www.siderlandet.no\/?p=6692"},"modified":"2025-09-23T20:51:59","modified_gmt":"2025-09-23T20:51:59","slug":"vestavin","status":"publish","type":"post","link":"https:\/\/www.siderlandet.no\/nl\/vestavin\/","title":{"rendered":"Vestavin"},"content":{"rendered":"<h2>\n\t\tVESTAVIN\n\t<\/h2>\n\t<p>Kva meir er mogleg \u00e5 f\u00e5 til med vestlandske r\u00e5varer og korleis kan vi utnytte ressursane v\u00e5re p\u00e5 ein betre m\u00e5te? Det er sp\u00f8rsm\u00e5let som f\u00f8rst sette Camilla Aasen p\u00e5 sporet av fruktvin i 2014 og som framleis er kjernen i Vestavin.<\/p>\n<p>I Juli 2021 kj\u00f8pte Camilla det nedlagte sm\u00e5bruket \u00abYstebakken\u00bb p\u00e5 \u00c5rdalsbakke p\u00e5 J\u00f8lster. Der kan ein oppleve Vingarden p\u00e5 J\u00f8lst, ein fruktvingard under oppbygging, med utsal, omvisingar med smaking av alkoholhaldige og alkoholfrie produkt, konsertar og andre arrangement.<\/p>\n<p>Vestavin sel ogs\u00e5 direkte til hotell og restaurantar, og har fleire produkt tilgjengelege p\u00e5 Vinmonopolet.<\/p>\n\t<img decoding=\"async\" src=\"&#8217;[wpbb\" alt=\"Produsent logo 2\" style=\"border: 0\" \/>&#8216; producer_url=&#8217;&#8216;]\n\t<button style=\"background-color: #eb3b41; border: none;\" onclick=\"window.location.href=''\">&#8216;\n]\n[trp_language language=\"nb_NO\"] \nProdukter fra [wpbb post:title]\n[\/trp_language]\n[trp_language language=\"en_US\"] \nProducts from [wpbb post:title]\n[\/trp_language]\n[trp_language language=\"de_DE\"] \nProdukte von [wpbb post:title]\n[\/trp_language]\n<\/button>\n\t<p><strong>\u00c5PNINGSTIDER G\u00c5RDSUTSALG:<\/strong><\/p>\n<p>Torsdag 16-18\u00a0 (utanom sommarsesong).<\/p>\n<p>Sommarsesong fr\u00e5 1. juli.<\/p>\n\t<p><strong>Kontaktinformasjon: <\/strong><\/p>\nAdresse: J\u00f8lstravegen 2380,<br \/>\n6843 Skei<br \/>\nKontaktperson: Camilla Aasen<br \/>\nTelefon: +47 47288004\n<p>&nbsp;<\/p>\n<p>&nbsp;<\/p>\n\t<a href=\"https:\/\/maps.google.com\/?q=\">\u00c5pne i Google Maps &#10697;<\/a>","protected":false},"excerpt":{"rendered":"<p>\u00a0I Juli 2021 kj\u00f8pte Camilla det nedlagte sm\u00e5bruket \u00abYstebakken\u00bb p\u00e5 \u00c5rdalsbakke p\u00e5 J\u00f8lster. Der kan ein oppleve Vingarden p\u00e5 J\u00f8lst, ein fruktvingard under oppbygging, med utsal, omvisingar med smaking av alkoholhaldige og alkoholfrie produkt, konsertar og andre arrangement.\u00a0<\/p>","protected":false},"author":3,"featured_media":6706,"comment_status":"closed","ping_status":"closed","sticky":false,"template":"tpl-full-width.php","format":"standard","meta":{"_acf_changed":false,"footnotes":""},"categories":[42],"tags":[564,13,127,579,23],"produktfylke-tag":[],"produsentfylke":[608],"class_list":["post-6692","post","type-post","status-publish","format-standard","has-post-thumbnail","hentry","category-produsent","tag-fruktvin","tag-gardsutsalg","tag-produsent-med-gardsutsalg","tag-produsent-vestland","tag-statlig-tilvirkningsloyve","produsentfylke-vestland"],"acf":[],"yoast_head":"<!-- This site is optimized with the Yoast SEO plugin v25.9 - https:\/\/yoast.com\/wordpress\/plugins\/seo\/ -->\n<title>Vestavin - Siderlandet<\/title>\n<meta name=\"description\" content=\"\u00a0I Juli 2021 kj\u00f8pte Camilla det nedlagte sm\u00e5bruket \u00abYstebakken\u00bb p\u00e5 \u00c5rdalsbakke p\u00e5 J\u00f8lster. Der kan ein oppleve Vingarden p\u00e5 J\u00f8lst, ein fruktvingard under oppbygging, med utsal, omvisingar med smaking av alkoholhaldige og alkoholfrie produkt, konsertar og andre arrangement.\" \/>\n<meta name=\"robots\" content=\"index, follow, max-snippet:-1, max-image-preview:large, max-video-preview:-1\" \/>\n<link rel=\"canonical\" href=\"https:\/\/www.siderlandet.no\/nl\/vestavin\/\" \/>\n<meta property=\"og:locale\" content=\"nl_NL\" \/>\n<meta property=\"og:type\" content=\"article\" \/>\n<meta property=\"og:title\" content=\"Vestavin - Siderlandet\" \/>\n<meta property=\"og:description\" content=\"\u00a0I Juli 2021 kj\u00f8pte Camilla det nedlagte sm\u00e5bruket \u00abYstebakken\u00bb p\u00e5 \u00c5rdalsbakke p\u00e5 J\u00f8lster. Der kan ein oppleve Vingarden p\u00e5 J\u00f8lst, ein fruktvingard under oppbygging, med utsal, omvisingar med smaking av alkoholhaldige og alkoholfrie produkt, konsertar og andre arrangement.\" \/>\n<meta property=\"og:url\" content=\"https:\/\/www.siderlandet.no\/nl\/vestavin\/\" \/>\n<meta property=\"og:site_name\" content=\"Siderlandet\" \/>\n<meta property=\"article:publisher\" content=\"https:\/\/www.facebook.com\/siderlandetnorge\/\" \/>\n<meta property=\"article:published_time\" content=\"2024-03-05T15:13:39+00:00\" \/>\n<meta property=\"article:modified_time\" content=\"2025-09-23T20:51:59+00:00\" \/>\n<meta property=\"og:image\" content=\"https:\/\/www.siderlandet.no\/wp-content\/uploads\/2024\/03\/Vestavin_719x495.jpg\" \/>\n\t<meta property=\"og:image:width\" content=\"719\" \/>\n\t<meta property=\"og:image:height\" content=\"495\" \/>\n\t<meta property=\"og:image:type\" content=\"image\/jpeg\" \/>\n<meta name=\"author\" content=\"Anette Vidnes\" \/>\n<meta name=\"twitter:card\" content=\"summary_large_image\" \/>\n<meta name=\"twitter:label1\" content=\"Geschreven door\" \/>\n\t<meta name=\"twitter:data1\" content=\"Anette Vidnes\" \/>\n\t<meta name=\"twitter:label2\" content=\"Verwachte leestijd\" \/>\n\t<meta name=\"twitter:data2\" content=\"2 minuten\" \/>\n<script type=\"application\/ld+json\" class=\"yoast-schema-graph\">{\"@context\":\"https:\/\/schema.org\",\"@graph\":[{\"@type\":\"Article\",\"@id\":\"https:\/\/www.siderlandet.no\/vestavin\/#article\",\"isPartOf\":{\"@id\":\"https:\/\/www.siderlandet.no\/vestavin\/\"},\"author\":{\"name\":\"Anette Vidnes\",\"@id\":\"https:\/\/www.siderlandet.no\/#\/schema\/person\/deae290409c2f52a3d6e3123676d469e\"},\"headline\":\"Vestavin\",\"datePublished\":\"2024-03-05T15:13:39+00:00\",\"dateModified\":\"2025-09-23T20:51:59+00:00\",\"mainEntityOfPage\":{\"@id\":\"https:\/\/www.siderlandet.no\/vestavin\/\"},\"wordCount\":209,\"publisher\":{\"@id\":\"https:\/\/www.siderlandet.no\/#organization\"},\"image\":{\"@id\":\"https:\/\/www.siderlandet.no\/vestavin\/#primaryimage\"},\"thumbnailUrl\":\"https:\/\/www.siderlandet.no\/wp-content\/uploads\/2024\/03\/Vestavin_719x495.jpg\",\"keywords\":[\"Fruktvin\",\"Har g\u00e5rdsutsalg\",\"produsent med g\u00e5rdsutsalg\",\"Produsent Vestland\",\"Statlig tilvirkningsl\u00f8yve\"],\"articleSection\":[\"Produsent\"],\"inLanguage\":\"nl-NL\"},{\"@type\":\"WebPage\",\"@id\":\"https:\/\/www.siderlandet.no\/vestavin\/\",\"url\":\"https:\/\/www.siderlandet.no\/vestavin\/\",\"name\":\"Vestavin - Siderlandet\",\"isPartOf\":{\"@id\":\"https:\/\/www.siderlandet.no\/#website\"},\"primaryImageOfPage\":{\"@id\":\"https:\/\/www.siderlandet.no\/vestavin\/#primaryimage\"},\"image\":{\"@id\":\"https:\/\/www.siderlandet.no\/vestavin\/#primaryimage\"},\"thumbnailUrl\":\"https:\/\/www.siderlandet.no\/wp-content\/uploads\/2024\/03\/Vestavin_719x495.jpg\",\"datePublished\":\"2024-03-05T15:13:39+00:00\",\"dateModified\":\"2025-09-23T20:51:59+00:00\",\"description\":\"\u00a0I Juli 2021 kj\u00f8pte Camilla det nedlagte sm\u00e5bruket \u00abYstebakken\u00bb p\u00e5 \u00c5rdalsbakke p\u00e5 J\u00f8lster. Der kan ein oppleve Vingarden p\u00e5 J\u00f8lst, ein fruktvingard under oppbygging, med utsal, omvisingar med smaking av alkoholhaldige og alkoholfrie produkt, konsertar og andre arrangement.\",\"breadcrumb\":{\"@id\":\"https:\/\/www.siderlandet.no\/vestavin\/#breadcrumb\"},\"inLanguage\":\"nl-NL\",\"potentialAction\":[{\"@type\":\"ReadAction\",\"target\":[\"https:\/\/www.siderlandet.no\/vestavin\/\"]}]},{\"@type\":\"ImageObject\",\"inLanguage\":\"nl-NL\",\"@id\":\"https:\/\/www.siderlandet.no\/vestavin\/#primaryimage\",\"url\":\"https:\/\/www.siderlandet.no\/wp-content\/uploads\/2024\/03\/Vestavin_719x495.jpg\",\"contentUrl\":\"https:\/\/www.siderlandet.no\/wp-content\/uploads\/2024\/03\/Vestavin_719x495.jpg\",\"width\":719,\"height\":495},{\"@type\":\"BreadcrumbList\",\"@id\":\"https:\/\/www.siderlandet.no\/vestavin\/#breadcrumb\",\"itemListElement\":[{\"@type\":\"ListItem\",\"position\":1,\"name\":\"Hjem\",\"item\":\"https:\/\/www.siderlandet.no\/\"},{\"@type\":\"ListItem\",\"position\":2,\"name\":\"Vestavin\"}]},{\"@type\":\"WebSite\",\"@id\":\"https:\/\/www.siderlandet.no\/#website\",\"url\":\"https:\/\/www.siderlandet.no\/\",\"name\":\"Siderlandet Norge\",\"description\":\"All norsk sider p\u00e5 ett sted\",\"publisher\":{\"@id\":\"https:\/\/www.siderlandet.no\/#organization\"},\"potentialAction\":[{\"@type\":\"SearchAction\",\"target\":{\"@type\":\"EntryPoint\",\"urlTemplate\":\"https:\/\/www.siderlandet.no\/?s={search_term_string}\"},\"query-input\":{\"@type\":\"PropertyValueSpecification\",\"valueRequired\":true,\"valueName\":\"search_term_string\"}}],\"inLanguage\":\"nl-NL\"},{\"@type\":\"Organization\",\"@id\":\"https:\/\/www.siderlandet.no\/#organization\",\"name\":\"Siderlandet Norge\",\"url\":\"https:\/\/www.siderlandet.no\/\",\"logo\":{\"@type\":\"ImageObject\",\"inLanguage\":\"nl-NL\",\"@id\":\"https:\/\/www.siderlandet.no\/#\/schema\/logo\/image\/\",\"url\":\"https:\/\/www.siderlandet.no\/wp-content\/uploads\/2023\/02\/Siderlandet_Staende_sort.png\",\"contentUrl\":\"https:\/\/www.siderlandet.no\/wp-content\/uploads\/2023\/02\/Siderlandet_Staende_sort.png\",\"width\":1867,\"height\":1372,\"caption\":\"Siderlandet Norge\"},\"image\":{\"@id\":\"https:\/\/www.siderlandet.no\/#\/schema\/logo\/image\/\"},\"sameAs\":[\"https:\/\/www.facebook.com\/siderlandetnorge\/\",\"https:\/\/www.instagram.com\/siderlandet\/\"]},{\"@type\":\"Person\",\"@id\":\"https:\/\/www.siderlandet.no\/#\/schema\/person\/deae290409c2f52a3d6e3123676d469e\",\"name\":\"Anette Vidnes\",\"image\":{\"@type\":\"ImageObject\",\"inLanguage\":\"nl-NL\",\"@id\":\"https:\/\/www.siderlandet.no\/#\/schema\/person\/image\/\",\"url\":\"https:\/\/secure.gravatar.com\/avatar\/8682b50fcd60ec79a5bfcecdccdacabfeacd709f221ceabcacdfc87c4d8bdea7?s=96&d=mm&r=g\",\"contentUrl\":\"https:\/\/secure.gravatar.com\/avatar\/8682b50fcd60ec79a5bfcecdccdacabfeacd709f221ceabcacdfc87c4d8bdea7?s=96&d=mm&r=g\",\"caption\":\"Anette Vidnes\"},\"url\":\"https:\/\/www.siderlandet.no\/nl\/author\/anette\/\"}]}<\/script>\n<!-- \/ Yoast SEO plugin. -->","yoast_head_json":{"title":"Vestavin - Siderlandet","description":"\u00a0I Juli 2021 kj\u00f8pte Camilla det nedlagte sm\u00e5bruket \u00abYstebakken\u00bb p\u00e5 \u00c5rdalsbakke p\u00e5 J\u00f8lster. Der kan ein oppleve Vingarden p\u00e5 J\u00f8lst, ein fruktvingard under oppbygging, med utsal, omvisingar med smaking av alkoholhaldige og alkoholfrie produkt, konsertar og andre arrangement.","robots":{"index":"index","follow":"follow","max-snippet":"max-snippet:-1","max-image-preview":"max-image-preview:large","max-video-preview":"max-video-preview:-1"},"canonical":"https:\/\/www.siderlandet.no\/nl\/vestavin\/","og_locale":"nl_NL","og_type":"article","og_title":"Vestavin - Siderlandet","og_description":"\u00a0I Juli 2021 kj\u00f8pte Camilla det nedlagte sm\u00e5bruket \u00abYstebakken\u00bb p\u00e5 \u00c5rdalsbakke p\u00e5 J\u00f8lster. Der kan ein oppleve Vingarden p\u00e5 J\u00f8lst, ein fruktvingard under oppbygging, med utsal, omvisingar med smaking av alkoholhaldige og alkoholfrie produkt, konsertar og andre arrangement.","og_url":"https:\/\/www.siderlandet.no\/nl\/vestavin\/","og_site_name":"Siderlandet","article_publisher":"https:\/\/www.facebook.com\/siderlandetnorge\/","article_published_time":"2024-03-05T15:13:39+00:00","article_modified_time":"2025-09-23T20:51:59+00:00","og_image":[{"width":719,"height":495,"url":"https:\/\/www.siderlandet.no\/wp-content\/uploads\/2024\/03\/Vestavin_719x495.jpg","type":"image\/jpeg"}],"author":"Anette Vidnes","twitter_card":"summary_large_image","twitter_misc":{"Geschreven door":"Anette Vidnes","Verwachte leestijd":"2 minuten"},"schema":{"@context":"https:\/\/schema.org","@graph":[{"@type":"Article","@id":"https:\/\/www.siderlandet.no\/vestavin\/#article","isPartOf":{"@id":"https:\/\/www.siderlandet.no\/vestavin\/"},"author":{"name":"Anette Vidnes","@id":"https:\/\/www.siderlandet.no\/#\/schema\/person\/deae290409c2f52a3d6e3123676d469e"},"headline":"Vestavin","datePublished":"2024-03-05T15:13:39+00:00","dateModified":"2025-09-23T20:51:59+00:00","mainEntityOfPage":{"@id":"https:\/\/www.siderlandet.no\/vestavin\/"},"wordCount":209,"publisher":{"@id":"https:\/\/www.siderlandet.no\/#organization"},"image":{"@id":"https:\/\/www.siderlandet.no\/vestavin\/#primaryimage"},"thumbnailUrl":"https:\/\/www.siderlandet.no\/wp-content\/uploads\/2024\/03\/Vestavin_719x495.jpg","keywords":["Fruktvin","Har g\u00e5rdsutsalg","produsent med g\u00e5rdsutsalg","Produsent Vestland","Statlig tilvirkningsl\u00f8yve"],"articleSection":["Produsent"],"inLanguage":"nl-NL"},{"@type":"WebPage","@id":"https:\/\/www.siderlandet.no\/vestavin\/","url":"https:\/\/www.siderlandet.no\/vestavin\/","name":"Vestavin - Siderlandet","isPartOf":{"@id":"https:\/\/www.siderlandet.no\/#website"},"primaryImageOfPage":{"@id":"https:\/\/www.siderlandet.no\/vestavin\/#primaryimage"},"image":{"@id":"https:\/\/www.siderlandet.no\/vestavin\/#primaryimage"},"thumbnailUrl":"https:\/\/www.siderlandet.no\/wp-content\/uploads\/2024\/03\/Vestavin_719x495.jpg","datePublished":"2024-03-05T15:13:39+00:00","dateModified":"2025-09-23T20:51:59+00:00","description":"\u00a0I Juli 2021 kj\u00f8pte Camilla det nedlagte sm\u00e5bruket \u00abYstebakken\u00bb p\u00e5 \u00c5rdalsbakke p\u00e5 J\u00f8lster. Der kan ein oppleve Vingarden p\u00e5 J\u00f8lst, ein fruktvingard under oppbygging, med utsal, omvisingar med smaking av alkoholhaldige og alkoholfrie produkt, konsertar og andre arrangement.","breadcrumb":{"@id":"https:\/\/www.siderlandet.no\/vestavin\/#breadcrumb"},"inLanguage":"nl-NL","potentialAction":[{"@type":"ReadAction","target":["https:\/\/www.siderlandet.no\/vestavin\/"]}]},{"@type":"ImageObject","inLanguage":"nl-NL","@id":"https:\/\/www.siderlandet.no\/vestavin\/#primaryimage","url":"https:\/\/www.siderlandet.no\/wp-content\/uploads\/2024\/03\/Vestavin_719x495.jpg","contentUrl":"https:\/\/www.siderlandet.no\/wp-content\/uploads\/2024\/03\/Vestavin_719x495.jpg","width":719,"height":495},{"@type":"BreadcrumbList","@id":"https:\/\/www.siderlandet.no\/vestavin\/#breadcrumb","itemListElement":[{"@type":"ListItem","position":1,"name":"Hjem","item":"https:\/\/www.siderlandet.no\/"},{"@type":"ListItem","position":2,"name":"Vestavin"}]},{"@type":"WebSite","@id":"https:\/\/www.siderlandet.no\/#website","url":"https:\/\/www.siderlandet.no\/","name":"Siderlandet Norge","description":"All norsk sider p\u00e5 ett sted","publisher":{"@id":"https:\/\/www.siderlandet.no\/#organization"},"potentialAction":[{"@type":"SearchAction","target":{"@type":"EntryPoint","urlTemplate":"https:\/\/www.siderlandet.no\/?s={search_term_string}"},"query-input":{"@type":"PropertyValueSpecification","valueRequired":true,"valueName":"search_term_string"}}],"inLanguage":"nl-NL"},{"@type":"Organization","@id":"https:\/\/www.siderlandet.no\/#organization","name":"Siderlandet Norge","url":"https:\/\/www.siderlandet.no\/","logo":{"@type":"ImageObject","inLanguage":"nl-NL","@id":"https:\/\/www.siderlandet.no\/#\/schema\/logo\/image\/","url":"https:\/\/www.siderlandet.no\/wp-content\/uploads\/2023\/02\/Siderlandet_Staende_sort.png","contentUrl":"https:\/\/www.siderlandet.no\/wp-content\/uploads\/2023\/02\/Siderlandet_Staende_sort.png","width":1867,"height":1372,"caption":"Siderlandet Norge"},"image":{"@id":"https:\/\/www.siderlandet.no\/#\/schema\/logo\/image\/"},"sameAs":["https:\/\/www.facebook.com\/siderlandetnorge\/","https:\/\/www.instagram.com\/siderlandet\/"]},{"@type":"Person","@id":"https:\/\/www.siderlandet.no\/#\/schema\/person\/deae290409c2f52a3d6e3123676d469e","name":"Anette Vidnes","image":{"@type":"ImageObject","inLanguage":"nl-NL","@id":"https:\/\/www.siderlandet.no\/#\/schema\/person\/image\/","url":"https:\/\/secure.gravatar.com\/avatar\/8682b50fcd60ec79a5bfcecdccdacabfeacd709f221ceabcacdfc87c4d8bdea7?s=96&d=mm&r=g","contentUrl":"https:\/\/secure.gravatar.com\/avatar\/8682b50fcd60ec79a5bfcecdccdacabfeacd709f221ceabcacdfc87c4d8bdea7?s=96&d=mm&r=g","caption":"Anette Vidnes"},"url":"https:\/\/www.siderlandet.no\/nl\/author\/anette\/"}]}},"_links":{"self":[{"href":"https:\/\/www.siderlandet.no\/nl\/wp-json\/wp\/v2\/posts\/6692","targetHints":{"allow":["GET"]}}],"collection":[{"href":"https:\/\/www.siderlandet.no\/nl\/wp-json\/wp\/v2\/posts"}],"about":[{"href":"https:\/\/www.siderlandet.no\/nl\/wp-json\/wp\/v2\/types\/post"}],"author":[{"embeddable":true,"href":"https:\/\/www.siderlandet.no\/nl\/wp-json\/wp\/v2\/users\/3"}],"replies":[{"embeddable":true,"href":"https:\/\/www.siderlandet.no\/nl\/wp-json\/wp\/v2\/comments?post=6692"}],"version-history":[{"count":10,"href":"https:\/\/www.siderlandet.no\/nl\/wp-json\/wp\/v2\/posts\/6692\/revisions"}],"predecessor-version":[{"id":7329,"href":"https:\/\/www.siderlandet.no\/nl\/wp-json\/wp\/v2\/posts\/6692\/revisions\/7329"}],"wp:featuredmedia":[{"embeddable":true,"href":"https:\/\/www.siderlandet.no\/nl\/wp-json\/wp\/v2\/media\/6706"}],"wp:attachment":[{"href":"https:\/\/www.siderlandet.no\/nl\/wp-json\/wp\/v2\/media?parent=6692"}],"wp:term":[{"taxonomy":"category","embeddable":true,"href":"https:\/\/www.siderlandet.no\/nl\/wp-json\/wp\/v2\/categories?post=6692"},{"taxonomy":"post_tag","embeddable":true,"href":"https:\/\/www.siderlandet.no\/nl\/wp-json\/wp\/v2\/tags?post=6692"},{"taxonomy":"produktfylke-tag","embeddable":true,"href":"https:\/\/www.siderlandet.no\/nl\/wp-json\/wp\/v2\/produktfylke-tag?post=6692"},{"taxonomy":"produsentfylke","embeddable":true,"href":"https:\/\/www.siderlandet.no\/nl\/wp-json\/wp\/v2\/produsentfylke?post=6692"}],"curies":[{"name":"wp","href":"https:\/\/api.w.org\/{rel}","templated":true}]}}