{"id":6692,"date":"2024-03-05T15:13:39","date_gmt":"2024-03-05T15:13:39","guid":{"rendered":"https:\/\/www.siderlandet.no\/?p=6692"},"modified":"2025-09-23T20:51:59","modified_gmt":"2025-09-23T20:51:59","slug":"vestavin","status":"publish","type":"post","link":"https:\/\/www.siderlandet.no\/fr\/vestavin\/","title":{"rendered":"Vestavin"},"content":{"rendered":"<h2>\n\t\tVESTAVIN\n\t<\/h2>\n\t<p>Qu'est-ce qui est encore possible d'accomplir avec des mati\u00e8res premi\u00e8res et comment pouvons-nous mieux utiliser nos ressources ? C'est la question qui a d'abord mis Camilla Aasen sur la voie du vin de fruits en 2014 et qui est toujours au c\u0153ur de Vestavin.<\/p>\n<p>En juillet 2021, Camilla a achet\u00e9 la petite ferme d\u00e9saffect\u00e9e \"Ystebakken\" \u00e0 \u00c5rdalsbakke \u00e0 J\u00f8lster. L\u00e0, vous pouvez d\u00e9couvrir le Vignoble \u00e0 J\u00f8lst, un vignoble fruitier en construction, avec un magasin de ferme, des visites avec d\u00e9gustation de produits alcoolis\u00e9s et non alcoolis\u00e9s, des concerts et d'autres \u00e9v\u00e9nements.<\/p>\n<p>Vestavin vend \u00e9galement directement aux h\u00f4tels et restaurants, et a plusieurs produits disponibles au Vinmonopolet.<\/p>\n\t<img decoding=\"async\" src=\"&#8217;[wpbb\" alt=\"Produsent logo 2\" style=\"border: 0\" \/>&#8216; producer_url=&#8217;&#8216;]\n\t<button style=\"background-color: #eb3b41; border: none;\" onclick=\"window.location.href=''\">&#8216;\n]\n[trp_language language=\"nb_NO\"] \nProdukter fra [wpbb post:title]\n[\/trp_language]\n[trp_language language=\"en_US\"] \nProducts from [wpbb post:title]\n[\/trp_language]\n[trp_language language=\"de_DE\"] \nProdukte von [wpbb post:title]\n[\/trp_language]\n<\/button>\n\t<p><strong>JOURS ET HORAIRES D'OUVERTURE:<\/strong><\/p>\n<p>Torsdag 16-18\u00a0 (utanom sommarsesong).<\/p>\n<p>Sommarsesong fr\u00e5 1. juli.<\/p>\n\t<p><strong>Contactez-nous: <\/strong><\/p>\nAdresse: J\u00f8lstravegen 2380,<br \/>\n6843 Skei<br \/>\nKontaktperson: Camilla Aasen<br \/>\nTelefon: +47 47288004\n<p>&nbsp;<\/p>\n<p>&nbsp;<\/p>\n\t<a href=\"https:\/\/maps.google.com\/?q=\">Ouvrir dans Google Maps \u29c9<\/a>","protected":false},"excerpt":{"rendered":"<p>\u00a0En juillet 2021, Camilla a achet\u00e9 la petite ferme d\u00e9saffect\u00e9e \"Ystebakken\" \u00e0 \u00c5rdalsbakke \u00e0 J\u00f8lster. L\u00e0, vous pouvez d\u00e9couvrir le Vignoble \u00e0 J\u00f8lst, un vignoble fruitier en construction, avec un magasin de ferme, des visites avec d\u00e9gustation de produits alcoolis\u00e9s et non alcoolis\u00e9s, des concerts et d'autres \u00e9v\u00e9nements.\u00a0<\/p>","protected":false},"author":3,"featured_media":6706,"comment_status":"closed","ping_status":"closed","sticky":false,"template":"tpl-full-width.php","format":"standard","meta":{"_acf_changed":false,"footnotes":""},"categories":[42],"tags":[564,13,127,579,23],"produktfylke-tag":[],"produsentfylke":[608],"class_list":["post-6692","post","type-post","status-publish","format-standard","has-post-thumbnail","hentry","category-produsent","tag-fruktvin","tag-gardsutsalg","tag-produsent-med-gardsutsalg","tag-produsent-vestland","tag-statlig-tilvirkningsloyve","produsentfylke-vestland"],"acf":[],"yoast_head":"<!-- This site is optimized with the Yoast SEO plugin v25.9 - https:\/\/yoast.com\/wordpress\/plugins\/seo\/ -->\n<title>Vestavin - Siderlandet<\/title>\n<meta name=\"description\" content=\"\u00a0I Juli 2021 kj\u00f8pte Camilla det nedlagte sm\u00e5bruket \u00abYstebakken\u00bb p\u00e5 \u00c5rdalsbakke p\u00e5 J\u00f8lster. Der kan ein oppleve Vingarden p\u00e5 J\u00f8lst, ein fruktvingard under oppbygging, med utsal, omvisingar med smaking av alkoholhaldige og alkoholfrie produkt, konsertar og andre arrangement.\" \/>\n<meta name=\"robots\" content=\"index, follow, max-snippet:-1, max-image-preview:large, max-video-preview:-1\" \/>\n<link rel=\"canonical\" href=\"https:\/\/www.siderlandet.no\/fr\/vestavin\/\" \/>\n<meta property=\"og:locale\" content=\"fr_FR\" \/>\n<meta property=\"og:type\" content=\"article\" \/>\n<meta property=\"og:title\" content=\"Vestavin - Siderlandet\" \/>\n<meta property=\"og:description\" content=\"\u00a0I Juli 2021 kj\u00f8pte Camilla det nedlagte sm\u00e5bruket \u00abYstebakken\u00bb p\u00e5 \u00c5rdalsbakke p\u00e5 J\u00f8lster. Der kan ein oppleve Vingarden p\u00e5 J\u00f8lst, ein fruktvingard under oppbygging, med utsal, omvisingar med smaking av alkoholhaldige og alkoholfrie produkt, konsertar og andre arrangement.\" \/>\n<meta property=\"og:url\" content=\"https:\/\/www.siderlandet.no\/fr\/vestavin\/\" \/>\n<meta property=\"og:site_name\" content=\"Siderlandet\" \/>\n<meta property=\"article:publisher\" content=\"https:\/\/www.facebook.com\/siderlandetnorge\/\" \/>\n<meta property=\"article:published_time\" content=\"2024-03-05T15:13:39+00:00\" \/>\n<meta property=\"article:modified_time\" content=\"2025-09-23T20:51:59+00:00\" \/>\n<meta property=\"og:image\" content=\"https:\/\/www.siderlandet.no\/wp-content\/uploads\/2024\/03\/Vestavin_719x495.jpg\" \/>\n\t<meta property=\"og:image:width\" content=\"719\" \/>\n\t<meta property=\"og:image:height\" content=\"495\" \/>\n\t<meta property=\"og:image:type\" content=\"image\/jpeg\" \/>\n<meta name=\"author\" content=\"Anette Vidnes\" \/>\n<meta name=\"twitter:card\" content=\"summary_large_image\" \/>\n<meta name=\"twitter:label1\" content=\"\u00c9crit par\" \/>\n\t<meta name=\"twitter:data1\" content=\"Anette Vidnes\" \/>\n\t<meta name=\"twitter:label2\" content=\"Dur\u00e9e de lecture estim\u00e9e\" \/>\n\t<meta name=\"twitter:data2\" content=\"2 minutes\" \/>\n<script type=\"application\/ld+json\" class=\"yoast-schema-graph\">{\"@context\":\"https:\/\/schema.org\",\"@graph\":[{\"@type\":\"Article\",\"@id\":\"https:\/\/www.siderlandet.no\/vestavin\/#article\",\"isPartOf\":{\"@id\":\"https:\/\/www.siderlandet.no\/vestavin\/\"},\"author\":{\"name\":\"Anette Vidnes\",\"@id\":\"https:\/\/www.siderlandet.no\/#\/schema\/person\/deae290409c2f52a3d6e3123676d469e\"},\"headline\":\"Vestavin\",\"datePublished\":\"2024-03-05T15:13:39+00:00\",\"dateModified\":\"2025-09-23T20:51:59+00:00\",\"mainEntityOfPage\":{\"@id\":\"https:\/\/www.siderlandet.no\/vestavin\/\"},\"wordCount\":209,\"publisher\":{\"@id\":\"https:\/\/www.siderlandet.no\/#organization\"},\"image\":{\"@id\":\"https:\/\/www.siderlandet.no\/vestavin\/#primaryimage\"},\"thumbnailUrl\":\"https:\/\/www.siderlandet.no\/wp-content\/uploads\/2024\/03\/Vestavin_719x495.jpg\",\"keywords\":[\"Fruktvin\",\"Har g\u00e5rdsutsalg\",\"produsent med g\u00e5rdsutsalg\",\"Produsent Vestland\",\"Statlig tilvirkningsl\u00f8yve\"],\"articleSection\":[\"Produsent\"],\"inLanguage\":\"fr-FR\"},{\"@type\":\"WebPage\",\"@id\":\"https:\/\/www.siderlandet.no\/vestavin\/\",\"url\":\"https:\/\/www.siderlandet.no\/vestavin\/\",\"name\":\"Vestavin - Siderlandet\",\"isPartOf\":{\"@id\":\"https:\/\/www.siderlandet.no\/#website\"},\"primaryImageOfPage\":{\"@id\":\"https:\/\/www.siderlandet.no\/vestavin\/#primaryimage\"},\"image\":{\"@id\":\"https:\/\/www.siderlandet.no\/vestavin\/#primaryimage\"},\"thumbnailUrl\":\"https:\/\/www.siderlandet.no\/wp-content\/uploads\/2024\/03\/Vestavin_719x495.jpg\",\"datePublished\":\"2024-03-05T15:13:39+00:00\",\"dateModified\":\"2025-09-23T20:51:59+00:00\",\"description\":\"\u00a0I Juli 2021 kj\u00f8pte Camilla det nedlagte sm\u00e5bruket \u00abYstebakken\u00bb p\u00e5 \u00c5rdalsbakke p\u00e5 J\u00f8lster. Der kan ein oppleve Vingarden p\u00e5 J\u00f8lst, ein fruktvingard under oppbygging, med utsal, omvisingar med smaking av alkoholhaldige og alkoholfrie produkt, konsertar og andre arrangement.\",\"breadcrumb\":{\"@id\":\"https:\/\/www.siderlandet.no\/vestavin\/#breadcrumb\"},\"inLanguage\":\"fr-FR\",\"potentialAction\":[{\"@type\":\"ReadAction\",\"target\":[\"https:\/\/www.siderlandet.no\/vestavin\/\"]}]},{\"@type\":\"ImageObject\",\"inLanguage\":\"fr-FR\",\"@id\":\"https:\/\/www.siderlandet.no\/vestavin\/#primaryimage\",\"url\":\"https:\/\/www.siderlandet.no\/wp-content\/uploads\/2024\/03\/Vestavin_719x495.jpg\",\"contentUrl\":\"https:\/\/www.siderlandet.no\/wp-content\/uploads\/2024\/03\/Vestavin_719x495.jpg\",\"width\":719,\"height\":495},{\"@type\":\"BreadcrumbList\",\"@id\":\"https:\/\/www.siderlandet.no\/vestavin\/#breadcrumb\",\"itemListElement\":[{\"@type\":\"ListItem\",\"position\":1,\"name\":\"Hjem\",\"item\":\"https:\/\/www.siderlandet.no\/\"},{\"@type\":\"ListItem\",\"position\":2,\"name\":\"Vestavin\"}]},{\"@type\":\"WebSite\",\"@id\":\"https:\/\/www.siderlandet.no\/#website\",\"url\":\"https:\/\/www.siderlandet.no\/\",\"name\":\"Siderlandet Norge\",\"description\":\"All norsk sider p\u00e5 ett sted\",\"publisher\":{\"@id\":\"https:\/\/www.siderlandet.no\/#organization\"},\"potentialAction\":[{\"@type\":\"SearchAction\",\"target\":{\"@type\":\"EntryPoint\",\"urlTemplate\":\"https:\/\/www.siderlandet.no\/?s={search_term_string}\"},\"query-input\":{\"@type\":\"PropertyValueSpecification\",\"valueRequired\":true,\"valueName\":\"search_term_string\"}}],\"inLanguage\":\"fr-FR\"},{\"@type\":\"Organization\",\"@id\":\"https:\/\/www.siderlandet.no\/#organization\",\"name\":\"Siderlandet Norge\",\"url\":\"https:\/\/www.siderlandet.no\/\",\"logo\":{\"@type\":\"ImageObject\",\"inLanguage\":\"fr-FR\",\"@id\":\"https:\/\/www.siderlandet.no\/#\/schema\/logo\/image\/\",\"url\":\"https:\/\/www.siderlandet.no\/wp-content\/uploads\/2023\/02\/Siderlandet_Staende_sort.png\",\"contentUrl\":\"https:\/\/www.siderlandet.no\/wp-content\/uploads\/2023\/02\/Siderlandet_Staende_sort.png\",\"width\":1867,\"height\":1372,\"caption\":\"Siderlandet Norge\"},\"image\":{\"@id\":\"https:\/\/www.siderlandet.no\/#\/schema\/logo\/image\/\"},\"sameAs\":[\"https:\/\/www.facebook.com\/siderlandetnorge\/\",\"https:\/\/www.instagram.com\/siderlandet\/\"]},{\"@type\":\"Person\",\"@id\":\"https:\/\/www.siderlandet.no\/#\/schema\/person\/deae290409c2f52a3d6e3123676d469e\",\"name\":\"Anette Vidnes\",\"image\":{\"@type\":\"ImageObject\",\"inLanguage\":\"fr-FR\",\"@id\":\"https:\/\/www.siderlandet.no\/#\/schema\/person\/image\/\",\"url\":\"https:\/\/secure.gravatar.com\/avatar\/8682b50fcd60ec79a5bfcecdccdacabfeacd709f221ceabcacdfc87c4d8bdea7?s=96&d=mm&r=g\",\"contentUrl\":\"https:\/\/secure.gravatar.com\/avatar\/8682b50fcd60ec79a5bfcecdccdacabfeacd709f221ceabcacdfc87c4d8bdea7?s=96&d=mm&r=g\",\"caption\":\"Anette Vidnes\"},\"url\":\"https:\/\/www.siderlandet.no\/fr\/author\/anette\/\"}]}<\/script>\n<!-- \/ Yoast SEO plugin. -->","yoast_head_json":{"title":"Vestavin - Siderlandet","description":"\u00a0En juillet 2021, Camilla a achet\u00e9 la petite ferme d\u00e9saffect\u00e9e \"Ystebakken\" \u00e0 \u00c5rdalsbakke \u00e0 J\u00f8lster. L\u00e0, vous pouvez d\u00e9couvrir le Vignoble \u00e0 J\u00f8lst, un vignoble fruitier en construction, avec un magasin de ferme, des visites avec d\u00e9gustation de produits alcoolis\u00e9s et non alcoolis\u00e9s, des concerts et d'autres \u00e9v\u00e9nements.","robots":{"index":"index","follow":"follow","max-snippet":"max-snippet:-1","max-image-preview":"max-image-preview:large","max-video-preview":"max-video-preview:-1"},"canonical":"https:\/\/www.siderlandet.no\/fr\/vestavin\/","og_locale":"fr_FR","og_type":"article","og_title":"Vestavin - Siderlandet","og_description":"\u00a0I Juli 2021 kj\u00f8pte Camilla det nedlagte sm\u00e5bruket \u00abYstebakken\u00bb p\u00e5 \u00c5rdalsbakke p\u00e5 J\u00f8lster. Der kan ein oppleve Vingarden p\u00e5 J\u00f8lst, ein fruktvingard under oppbygging, med utsal, omvisingar med smaking av alkoholhaldige og alkoholfrie produkt, konsertar og andre arrangement.","og_url":"https:\/\/www.siderlandet.no\/fr\/vestavin\/","og_site_name":"Siderlandet","article_publisher":"https:\/\/www.facebook.com\/siderlandetnorge\/","article_published_time":"2024-03-05T15:13:39+00:00","article_modified_time":"2025-09-23T20:51:59+00:00","og_image":[{"width":719,"height":495,"url":"https:\/\/www.siderlandet.no\/wp-content\/uploads\/2024\/03\/Vestavin_719x495.jpg","type":"image\/jpeg"}],"author":"Anette Vidnes","twitter_card":"summary_large_image","twitter_misc":{"\u00c9crit par":"Anette Vidnes","Dur\u00e9e de lecture estim\u00e9e":"2 minutes"},"schema":{"@context":"https:\/\/schema.org","@graph":[{"@type":"Article","@id":"https:\/\/www.siderlandet.no\/vestavin\/#article","isPartOf":{"@id":"https:\/\/www.siderlandet.no\/vestavin\/"},"author":{"name":"Anette Vidnes","@id":"https:\/\/www.siderlandet.no\/#\/schema\/person\/deae290409c2f52a3d6e3123676d469e"},"headline":"Vestavin","datePublished":"2024-03-05T15:13:39+00:00","dateModified":"2025-09-23T20:51:59+00:00","mainEntityOfPage":{"@id":"https:\/\/www.siderlandet.no\/vestavin\/"},"wordCount":209,"publisher":{"@id":"https:\/\/www.siderlandet.no\/#organization"},"image":{"@id":"https:\/\/www.siderlandet.no\/vestavin\/#primaryimage"},"thumbnailUrl":"https:\/\/www.siderlandet.no\/wp-content\/uploads\/2024\/03\/Vestavin_719x495.jpg","keywords":["Fruktvin","Har g\u00e5rdsutsalg","produsent med g\u00e5rdsutsalg","Produsent Vestland","Statlig tilvirkningsl\u00f8yve"],"articleSection":["Produsent"],"inLanguage":"fr-FR"},{"@type":"WebPage","@id":"https:\/\/www.siderlandet.no\/vestavin\/","url":"https:\/\/www.siderlandet.no\/vestavin\/","name":"Vestavin - Siderlandet","isPartOf":{"@id":"https:\/\/www.siderlandet.no\/#website"},"primaryImageOfPage":{"@id":"https:\/\/www.siderlandet.no\/vestavin\/#primaryimage"},"image":{"@id":"https:\/\/www.siderlandet.no\/vestavin\/#primaryimage"},"thumbnailUrl":"https:\/\/www.siderlandet.no\/wp-content\/uploads\/2024\/03\/Vestavin_719x495.jpg","datePublished":"2024-03-05T15:13:39+00:00","dateModified":"2025-09-23T20:51:59+00:00","description":"\u00a0En juillet 2021, Camilla a achet\u00e9 la petite ferme d\u00e9saffect\u00e9e \"Ystebakken\" \u00e0 \u00c5rdalsbakke \u00e0 J\u00f8lster. L\u00e0, vous pouvez d\u00e9couvrir le Vignoble \u00e0 J\u00f8lst, un vignoble fruitier en construction, avec un magasin de ferme, des visites avec d\u00e9gustation de produits alcoolis\u00e9s et non alcoolis\u00e9s, des concerts et d'autres \u00e9v\u00e9nements.","breadcrumb":{"@id":"https:\/\/www.siderlandet.no\/vestavin\/#breadcrumb"},"inLanguage":"fr-FR","potentialAction":[{"@type":"ReadAction","target":["https:\/\/www.siderlandet.no\/vestavin\/"]}]},{"@type":"ImageObject","inLanguage":"fr-FR","@id":"https:\/\/www.siderlandet.no\/vestavin\/#primaryimage","url":"https:\/\/www.siderlandet.no\/wp-content\/uploads\/2024\/03\/Vestavin_719x495.jpg","contentUrl":"https:\/\/www.siderlandet.no\/wp-content\/uploads\/2024\/03\/Vestavin_719x495.jpg","width":719,"height":495},{"@type":"BreadcrumbList","@id":"https:\/\/www.siderlandet.no\/vestavin\/#breadcrumb","itemListElement":[{"@type":"ListItem","position":1,"name":"Hjem","item":"https:\/\/www.siderlandet.no\/"},{"@type":"ListItem","position":2,"name":"Vestavin"}]},{"@type":"WebSite","@id":"https:\/\/www.siderlandet.no\/#website","url":"https:\/\/www.siderlandet.no\/","name":"Siderlandet Norge","description":"All norsk sider p\u00e5 ett sted","publisher":{"@id":"https:\/\/www.siderlandet.no\/#organization"},"potentialAction":[{"@type":"SearchAction","target":{"@type":"EntryPoint","urlTemplate":"https:\/\/www.siderlandet.no\/?s={search_term_string}"},"query-input":{"@type":"PropertyValueSpecification","valueRequired":true,"valueName":"search_term_string"}}],"inLanguage":"fr-FR"},{"@type":"Organization","@id":"https:\/\/www.siderlandet.no\/#organization","name":"Siderlandet Norge","url":"https:\/\/www.siderlandet.no\/","logo":{"@type":"ImageObject","inLanguage":"fr-FR","@id":"https:\/\/www.siderlandet.no\/#\/schema\/logo\/image\/","url":"https:\/\/www.siderlandet.no\/wp-content\/uploads\/2023\/02\/Siderlandet_Staende_sort.png","contentUrl":"https:\/\/www.siderlandet.no\/wp-content\/uploads\/2023\/02\/Siderlandet_Staende_sort.png","width":1867,"height":1372,"caption":"Siderlandet Norge"},"image":{"@id":"https:\/\/www.siderlandet.no\/#\/schema\/logo\/image\/"},"sameAs":["https:\/\/www.facebook.com\/siderlandetnorge\/","https:\/\/www.instagram.com\/siderlandet\/"]},{"@type":"Person","@id":"https:\/\/www.siderlandet.no\/#\/schema\/person\/deae290409c2f52a3d6e3123676d469e","name":"Anette Vidnes","image":{"@type":"ImageObject","inLanguage":"fr-FR","@id":"https:\/\/www.siderlandet.no\/#\/schema\/person\/image\/","url":"https:\/\/secure.gravatar.com\/avatar\/8682b50fcd60ec79a5bfcecdccdacabfeacd709f221ceabcacdfc87c4d8bdea7?s=96&d=mm&r=g","contentUrl":"https:\/\/secure.gravatar.com\/avatar\/8682b50fcd60ec79a5bfcecdccdacabfeacd709f221ceabcacdfc87c4d8bdea7?s=96&d=mm&r=g","caption":"Anette Vidnes"},"url":"https:\/\/www.siderlandet.no\/fr\/author\/anette\/"}]}},"_links":{"self":[{"href":"https:\/\/www.siderlandet.no\/fr\/wp-json\/wp\/v2\/posts\/6692","targetHints":{"allow":["GET"]}}],"collection":[{"href":"https:\/\/www.siderlandet.no\/fr\/wp-json\/wp\/v2\/posts"}],"about":[{"href":"https:\/\/www.siderlandet.no\/fr\/wp-json\/wp\/v2\/types\/post"}],"author":[{"embeddable":true,"href":"https:\/\/www.siderlandet.no\/fr\/wp-json\/wp\/v2\/users\/3"}],"replies":[{"embeddable":true,"href":"https:\/\/www.siderlandet.no\/fr\/wp-json\/wp\/v2\/comments?post=6692"}],"version-history":[{"count":10,"href":"https:\/\/www.siderlandet.no\/fr\/wp-json\/wp\/v2\/posts\/6692\/revisions"}],"predecessor-version":[{"id":7329,"href":"https:\/\/www.siderlandet.no\/fr\/wp-json\/wp\/v2\/posts\/6692\/revisions\/7329"}],"wp:featuredmedia":[{"embeddable":true,"href":"https:\/\/www.siderlandet.no\/fr\/wp-json\/wp\/v2\/media\/6706"}],"wp:attachment":[{"href":"https:\/\/www.siderlandet.no\/fr\/wp-json\/wp\/v2\/media?parent=6692"}],"wp:term":[{"taxonomy":"category","embeddable":true,"href":"https:\/\/www.siderlandet.no\/fr\/wp-json\/wp\/v2\/categories?post=6692"},{"taxonomy":"post_tag","embeddable":true,"href":"https:\/\/www.siderlandet.no\/fr\/wp-json\/wp\/v2\/tags?post=6692"},{"taxonomy":"produktfylke-tag","embeddable":true,"href":"https:\/\/www.siderlandet.no\/fr\/wp-json\/wp\/v2\/produktfylke-tag?post=6692"},{"taxonomy":"produsentfylke","embeddable":true,"href":"https:\/\/www.siderlandet.no\/fr\/wp-json\/wp\/v2\/produsentfylke?post=6692"}],"curies":[{"name":"wp","href":"https:\/\/api.w.org\/{rel}","templated":true}]}}