{"id":5898,"date":"2023-12-21T15:18:11","date_gmt":"2023-12-21T15:18:11","guid":{"rendered":"https:\/\/www.siderlandet.no\/?p=5898"},"modified":"2025-09-23T20:53:19","modified_gmt":"2025-09-23T20:53:19","slug":"fuglestein-fruktgard","status":"publish","type":"post","link":"https:\/\/www.siderlandet.no\/fr\/fuglestein-fruktgard\/","title":{"rendered":"Fuglestein fruktg\u00e5rd"},"content":{"rendered":"<h2>\n\t\tFuglestein Fruktgard\n\t<\/h2>\n\t<p>Depuis 2016, Fuglestein Fruktgard a plant\u00e9 un verger de 17 000 pommiers. En 2021, nous avons lanc\u00e9 notre propre pressage de pommes, \u00e9largissant ainsi notre offre avec une gamme vari\u00e9e de produits \u00e0 base de pommes et d\u2019activit\u00e9s pour les visiteurs et touristes.<\/p>\n<p>Sur place, notre petite boutique fermi\u00e8re propose nos produits frais et artisanaux. Nous fournissons \u00e9galement notre jus de pomme aux h\u00f4tels, restaurants, caf\u00e9s ainsi qu\u2019aux traiteurs qui organisent divers \u00e9v\u00e9nements, tels que des mariages et des confirmations.<\/p>\n<p>Nos produits \u00e0 base de pommes sont disponibles sur plusieurs march\u00e9s locaux \u00e0 travers diff\u00e9rentes villes et villages. Nous livrons \u00e9galement des pommes de premi\u00e8re qualit\u00e9 (Aroma, Gravenstein, Rubinstep) \u00e0 Ryfylkefrukt SA.<\/p>\n<p>Depuis 2022, nous accueillons des petits groupes pour des visites guid\u00e9es et des d\u00e9gustations de nos produits. Pour prolonger l\u2019exp\u00e9rience, nous proposons \u00e9galement la location de cabanes et maisons de vacances sur notre domaine, offrant ainsi aux touristes un s\u00e9jour authentique au c\u0153ur de notre verger.<\/p>\n\n\t<img decoding=\"async\" src=\"&#8217;[wpbb\" alt=\"Produsent logo 2\" style=\"border: 0\" \/>&#8216; producer_url=&#8217;&#8216;]\n\t<button style=\"background-color: #eb3b41; border: none;\" onclick=\"window.location.href=''\">&#8216;\n]\n[trp_language language=\"nb_NO\"] \nProdukter fra [wpbb post:title]\n[\/trp_language]\n[trp_language language=\"en_US\"] \nProducts from [wpbb post:title]\n[\/trp_language]\n[trp_language language=\"de_DE\"] \nProdukte von [wpbb post:title]\n[\/trp_language]\n<\/button>\n\t<p><strong>JOURS ET HORAIRES D'OUVERTURE:<\/strong><\/p>\n<p>&nbsp;<\/p>\n\t<p><strong>Contactez-nous: <\/strong><\/p>\nAdresse: \u00d8kstrafjordvegen 1174<br \/>\n4234 Jelsa<br \/>\nKontaktperson: Jon Anders Fuglestein<br \/>\nTelefon: +47 41350255\n<p>&nbsp;<\/p>\n<p>&nbsp;<\/p>\n\t<a href=\"https:\/\/maps.google.com\/?q=\">Ouvrir dans Google Maps \u29c9<\/a>","protected":false},"excerpt":{"rendered":"<p>Depuis 2016, Fuglestein Fruktgard a plant\u00e9 un verger de 17 000 pommiers. En 2021, nous avons lanc\u00e9 notre propre pressage de pommes, \u00e9largissant ainsi notre offre avec une gamme vari\u00e9e de produits \u00e0 base de pommes et d\u2019activit\u00e9s pour les visiteurs et touristes.<\/p>","protected":false},"author":3,"featured_media":6241,"comment_status":"closed","ping_status":"closed","sticky":false,"template":"tpl-full-width.php","format":"standard","meta":{"_acf_changed":false,"footnotes":""},"categories":[42],"tags":[127,503],"produktfylke-tag":[],"produsentfylke":[613],"class_list":["post-5898","post","type-post","status-publish","format-standard","has-post-thumbnail","hentry","category-produsent","tag-produsent-med-gardsutsalg","tag-produsentryfylket","produsentfylke-rogaland"],"acf":[],"yoast_head":"<!-- This site is optimized with the Yoast SEO plugin v25.9 - https:\/\/yoast.com\/wordpress\/plugins\/seo\/ -->\n<title>Fuglestein fruktg\u00e5rd - Siderlandet<\/title>\n<meta name=\"description\" content=\"P\u00e5 Fuglestein Fruktgard har me sidan 2016 planta ein eplehage med 17000 tr\u00e6r. I 2021 begynte me med pressing av epler\" \/>\n<meta name=\"robots\" content=\"index, follow, max-snippet:-1, max-image-preview:large, max-video-preview:-1\" \/>\n<link rel=\"canonical\" href=\"https:\/\/www.siderlandet.no\/fr\/fuglestein-fruktgard\/\" \/>\n<meta property=\"og:locale\" content=\"fr_FR\" \/>\n<meta property=\"og:type\" content=\"article\" \/>\n<meta property=\"og:title\" content=\"Fuglestein fruktg\u00e5rd - Siderlandet\" \/>\n<meta property=\"og:description\" content=\"P\u00e5 Fuglestein Fruktgard har me sidan 2016 planta ein eplehage med 17000 tr\u00e6r. I 2021 begynte me med pressing av epler\" \/>\n<meta property=\"og:url\" content=\"https:\/\/www.siderlandet.no\/fr\/fuglestein-fruktgard\/\" \/>\n<meta property=\"og:site_name\" content=\"Siderlandet\" \/>\n<meta property=\"article:publisher\" content=\"https:\/\/www.facebook.com\/siderlandetnorge\/\" \/>\n<meta property=\"article:published_time\" content=\"2023-12-21T15:18:11+00:00\" \/>\n<meta property=\"article:modified_time\" content=\"2025-09-23T20:53:19+00:00\" \/>\n<meta property=\"og:image\" content=\"https:\/\/www.siderlandet.no\/wp-content\/uploads\/2023\/12\/Fuglestein-1.jpg\" \/>\n\t<meta property=\"og:image:width\" content=\"719\" \/>\n\t<meta property=\"og:image:height\" content=\"495\" \/>\n\t<meta property=\"og:image:type\" content=\"image\/jpeg\" \/>\n<meta name=\"author\" content=\"Anette Vidnes\" \/>\n<meta name=\"twitter:card\" content=\"summary_large_image\" \/>\n<meta name=\"twitter:label1\" content=\"\u00c9crit par\" \/>\n\t<meta name=\"twitter:data1\" content=\"Anette Vidnes\" \/>\n\t<meta name=\"twitter:label2\" content=\"Dur\u00e9e de lecture estim\u00e9e\" \/>\n\t<meta name=\"twitter:data2\" content=\"2 minutes\" \/>\n<script type=\"application\/ld+json\" class=\"yoast-schema-graph\">{\"@context\":\"https:\/\/schema.org\",\"@graph\":[{\"@type\":\"Article\",\"@id\":\"https:\/\/www.siderlandet.no\/fuglestein-fruktgard\/#article\",\"isPartOf\":{\"@id\":\"https:\/\/www.siderlandet.no\/fuglestein-fruktgard\/\"},\"author\":{\"name\":\"Anette Vidnes\",\"@id\":\"https:\/\/www.siderlandet.no\/#\/schema\/person\/deae290409c2f52a3d6e3123676d469e\"},\"headline\":\"Fuglestein fruktg\u00e5rd\",\"datePublished\":\"2023-12-21T15:18:11+00:00\",\"dateModified\":\"2025-09-23T20:53:19+00:00\",\"mainEntityOfPage\":{\"@id\":\"https:\/\/www.siderlandet.no\/fuglestein-fruktgard\/\"},\"wordCount\":217,\"publisher\":{\"@id\":\"https:\/\/www.siderlandet.no\/#organization\"},\"image\":{\"@id\":\"https:\/\/www.siderlandet.no\/fuglestein-fruktgard\/#primaryimage\"},\"thumbnailUrl\":\"https:\/\/www.siderlandet.no\/wp-content\/uploads\/2023\/12\/Fuglestein-1.jpg\",\"keywords\":[\"produsent med g\u00e5rdsutsalg\",\"ProdusentRyfylket\"],\"articleSection\":[\"Produsent\"],\"inLanguage\":\"fr-FR\"},{\"@type\":\"WebPage\",\"@id\":\"https:\/\/www.siderlandet.no\/fuglestein-fruktgard\/\",\"url\":\"https:\/\/www.siderlandet.no\/fuglestein-fruktgard\/\",\"name\":\"Fuglestein fruktg\u00e5rd - Siderlandet\",\"isPartOf\":{\"@id\":\"https:\/\/www.siderlandet.no\/#website\"},\"primaryImageOfPage\":{\"@id\":\"https:\/\/www.siderlandet.no\/fuglestein-fruktgard\/#primaryimage\"},\"image\":{\"@id\":\"https:\/\/www.siderlandet.no\/fuglestein-fruktgard\/#primaryimage\"},\"thumbnailUrl\":\"https:\/\/www.siderlandet.no\/wp-content\/uploads\/2023\/12\/Fuglestein-1.jpg\",\"datePublished\":\"2023-12-21T15:18:11+00:00\",\"dateModified\":\"2025-09-23T20:53:19+00:00\",\"description\":\"P\u00e5 Fuglestein Fruktgard har me sidan 2016 planta ein eplehage med 17000 tr\u00e6r. I 2021 begynte me med pressing av epler\",\"breadcrumb\":{\"@id\":\"https:\/\/www.siderlandet.no\/fuglestein-fruktgard\/#breadcrumb\"},\"inLanguage\":\"fr-FR\",\"potentialAction\":[{\"@type\":\"ReadAction\",\"target\":[\"https:\/\/www.siderlandet.no\/fuglestein-fruktgard\/\"]}]},{\"@type\":\"ImageObject\",\"inLanguage\":\"fr-FR\",\"@id\":\"https:\/\/www.siderlandet.no\/fuglestein-fruktgard\/#primaryimage\",\"url\":\"https:\/\/www.siderlandet.no\/wp-content\/uploads\/2023\/12\/Fuglestein-1.jpg\",\"contentUrl\":\"https:\/\/www.siderlandet.no\/wp-content\/uploads\/2023\/12\/Fuglestein-1.jpg\",\"width\":719,\"height\":495},{\"@type\":\"BreadcrumbList\",\"@id\":\"https:\/\/www.siderlandet.no\/fuglestein-fruktgard\/#breadcrumb\",\"itemListElement\":[{\"@type\":\"ListItem\",\"position\":1,\"name\":\"Hjem\",\"item\":\"https:\/\/www.siderlandet.no\/\"},{\"@type\":\"ListItem\",\"position\":2,\"name\":\"Fuglestein fruktg\u00e5rd\"}]},{\"@type\":\"WebSite\",\"@id\":\"https:\/\/www.siderlandet.no\/#website\",\"url\":\"https:\/\/www.siderlandet.no\/\",\"name\":\"Siderlandet Norge\",\"description\":\"All norsk sider p\u00e5 ett sted\",\"publisher\":{\"@id\":\"https:\/\/www.siderlandet.no\/#organization\"},\"potentialAction\":[{\"@type\":\"SearchAction\",\"target\":{\"@type\":\"EntryPoint\",\"urlTemplate\":\"https:\/\/www.siderlandet.no\/?s={search_term_string}\"},\"query-input\":{\"@type\":\"PropertyValueSpecification\",\"valueRequired\":true,\"valueName\":\"search_term_string\"}}],\"inLanguage\":\"fr-FR\"},{\"@type\":\"Organization\",\"@id\":\"https:\/\/www.siderlandet.no\/#organization\",\"name\":\"Siderlandet Norge\",\"url\":\"https:\/\/www.siderlandet.no\/\",\"logo\":{\"@type\":\"ImageObject\",\"inLanguage\":\"fr-FR\",\"@id\":\"https:\/\/www.siderlandet.no\/#\/schema\/logo\/image\/\",\"url\":\"https:\/\/www.siderlandet.no\/wp-content\/uploads\/2023\/02\/Siderlandet_Staende_sort.png\",\"contentUrl\":\"https:\/\/www.siderlandet.no\/wp-content\/uploads\/2023\/02\/Siderlandet_Staende_sort.png\",\"width\":1867,\"height\":1372,\"caption\":\"Siderlandet Norge\"},\"image\":{\"@id\":\"https:\/\/www.siderlandet.no\/#\/schema\/logo\/image\/\"},\"sameAs\":[\"https:\/\/www.facebook.com\/siderlandetnorge\/\",\"https:\/\/www.instagram.com\/siderlandet\/\"]},{\"@type\":\"Person\",\"@id\":\"https:\/\/www.siderlandet.no\/#\/schema\/person\/deae290409c2f52a3d6e3123676d469e\",\"name\":\"Anette Vidnes\",\"image\":{\"@type\":\"ImageObject\",\"inLanguage\":\"fr-FR\",\"@id\":\"https:\/\/www.siderlandet.no\/#\/schema\/person\/image\/\",\"url\":\"https:\/\/secure.gravatar.com\/avatar\/8682b50fcd60ec79a5bfcecdccdacabfeacd709f221ceabcacdfc87c4d8bdea7?s=96&d=mm&r=g\",\"contentUrl\":\"https:\/\/secure.gravatar.com\/avatar\/8682b50fcd60ec79a5bfcecdccdacabfeacd709f221ceabcacdfc87c4d8bdea7?s=96&d=mm&r=g\",\"caption\":\"Anette Vidnes\"},\"url\":\"https:\/\/www.siderlandet.no\/fr\/author\/anette\/\"}]}<\/script>\n<!-- \/ Yoast SEO plugin. -->","yoast_head_json":{"title":"Fuglestein fruktg\u00e5rd - Siderlandet","description":"P\u00e5 Fuglestein Fruktgard har me sidan 2016 planta ein eplehage med 17000 tr\u00e6r. I 2021 begynte me med pressing av epler","robots":{"index":"index","follow":"follow","max-snippet":"max-snippet:-1","max-image-preview":"max-image-preview:large","max-video-preview":"max-video-preview:-1"},"canonical":"https:\/\/www.siderlandet.no\/fr\/fuglestein-fruktgard\/","og_locale":"fr_FR","og_type":"article","og_title":"Fuglestein fruktg\u00e5rd - Siderlandet","og_description":"P\u00e5 Fuglestein Fruktgard har me sidan 2016 planta ein eplehage med 17000 tr\u00e6r. I 2021 begynte me med pressing av epler","og_url":"https:\/\/www.siderlandet.no\/fr\/fuglestein-fruktgard\/","og_site_name":"Siderlandet","article_publisher":"https:\/\/www.facebook.com\/siderlandetnorge\/","article_published_time":"2023-12-21T15:18:11+00:00","article_modified_time":"2025-09-23T20:53:19+00:00","og_image":[{"width":719,"height":495,"url":"https:\/\/www.siderlandet.no\/wp-content\/uploads\/2023\/12\/Fuglestein-1.jpg","type":"image\/jpeg"}],"author":"Anette Vidnes","twitter_card":"summary_large_image","twitter_misc":{"\u00c9crit par":"Anette Vidnes","Dur\u00e9e de lecture estim\u00e9e":"2 minutes"},"schema":{"@context":"https:\/\/schema.org","@graph":[{"@type":"Article","@id":"https:\/\/www.siderlandet.no\/fuglestein-fruktgard\/#article","isPartOf":{"@id":"https:\/\/www.siderlandet.no\/fuglestein-fruktgard\/"},"author":{"name":"Anette Vidnes","@id":"https:\/\/www.siderlandet.no\/#\/schema\/person\/deae290409c2f52a3d6e3123676d469e"},"headline":"Fuglestein fruktg\u00e5rd","datePublished":"2023-12-21T15:18:11+00:00","dateModified":"2025-09-23T20:53:19+00:00","mainEntityOfPage":{"@id":"https:\/\/www.siderlandet.no\/fuglestein-fruktgard\/"},"wordCount":217,"publisher":{"@id":"https:\/\/www.siderlandet.no\/#organization"},"image":{"@id":"https:\/\/www.siderlandet.no\/fuglestein-fruktgard\/#primaryimage"},"thumbnailUrl":"https:\/\/www.siderlandet.no\/wp-content\/uploads\/2023\/12\/Fuglestein-1.jpg","keywords":["produsent med g\u00e5rdsutsalg","ProdusentRyfylket"],"articleSection":["Produsent"],"inLanguage":"fr-FR"},{"@type":"WebPage","@id":"https:\/\/www.siderlandet.no\/fuglestein-fruktgard\/","url":"https:\/\/www.siderlandet.no\/fuglestein-fruktgard\/","name":"Fuglestein fruktg\u00e5rd - Siderlandet","isPartOf":{"@id":"https:\/\/www.siderlandet.no\/#website"},"primaryImageOfPage":{"@id":"https:\/\/www.siderlandet.no\/fuglestein-fruktgard\/#primaryimage"},"image":{"@id":"https:\/\/www.siderlandet.no\/fuglestein-fruktgard\/#primaryimage"},"thumbnailUrl":"https:\/\/www.siderlandet.no\/wp-content\/uploads\/2023\/12\/Fuglestein-1.jpg","datePublished":"2023-12-21T15:18:11+00:00","dateModified":"2025-09-23T20:53:19+00:00","description":"P\u00e5 Fuglestein Fruktgard har me sidan 2016 planta ein eplehage med 17000 tr\u00e6r. I 2021 begynte me med pressing av epler","breadcrumb":{"@id":"https:\/\/www.siderlandet.no\/fuglestein-fruktgard\/#breadcrumb"},"inLanguage":"fr-FR","potentialAction":[{"@type":"ReadAction","target":["https:\/\/www.siderlandet.no\/fuglestein-fruktgard\/"]}]},{"@type":"ImageObject","inLanguage":"fr-FR","@id":"https:\/\/www.siderlandet.no\/fuglestein-fruktgard\/#primaryimage","url":"https:\/\/www.siderlandet.no\/wp-content\/uploads\/2023\/12\/Fuglestein-1.jpg","contentUrl":"https:\/\/www.siderlandet.no\/wp-content\/uploads\/2023\/12\/Fuglestein-1.jpg","width":719,"height":495},{"@type":"BreadcrumbList","@id":"https:\/\/www.siderlandet.no\/fuglestein-fruktgard\/#breadcrumb","itemListElement":[{"@type":"ListItem","position":1,"name":"Hjem","item":"https:\/\/www.siderlandet.no\/"},{"@type":"ListItem","position":2,"name":"Fuglestein fruktg\u00e5rd"}]},{"@type":"WebSite","@id":"https:\/\/www.siderlandet.no\/#website","url":"https:\/\/www.siderlandet.no\/","name":"Siderlandet Norge","description":"All norsk sider p\u00e5 ett sted","publisher":{"@id":"https:\/\/www.siderlandet.no\/#organization"},"potentialAction":[{"@type":"SearchAction","target":{"@type":"EntryPoint","urlTemplate":"https:\/\/www.siderlandet.no\/?s={search_term_string}"},"query-input":{"@type":"PropertyValueSpecification","valueRequired":true,"valueName":"search_term_string"}}],"inLanguage":"fr-FR"},{"@type":"Organization","@id":"https:\/\/www.siderlandet.no\/#organization","name":"Siderlandet Norge","url":"https:\/\/www.siderlandet.no\/","logo":{"@type":"ImageObject","inLanguage":"fr-FR","@id":"https:\/\/www.siderlandet.no\/#\/schema\/logo\/image\/","url":"https:\/\/www.siderlandet.no\/wp-content\/uploads\/2023\/02\/Siderlandet_Staende_sort.png","contentUrl":"https:\/\/www.siderlandet.no\/wp-content\/uploads\/2023\/02\/Siderlandet_Staende_sort.png","width":1867,"height":1372,"caption":"Siderlandet Norge"},"image":{"@id":"https:\/\/www.siderlandet.no\/#\/schema\/logo\/image\/"},"sameAs":["https:\/\/www.facebook.com\/siderlandetnorge\/","https:\/\/www.instagram.com\/siderlandet\/"]},{"@type":"Person","@id":"https:\/\/www.siderlandet.no\/#\/schema\/person\/deae290409c2f52a3d6e3123676d469e","name":"Anette Vidnes","image":{"@type":"ImageObject","inLanguage":"fr-FR","@id":"https:\/\/www.siderlandet.no\/#\/schema\/person\/image\/","url":"https:\/\/secure.gravatar.com\/avatar\/8682b50fcd60ec79a5bfcecdccdacabfeacd709f221ceabcacdfc87c4d8bdea7?s=96&d=mm&r=g","contentUrl":"https:\/\/secure.gravatar.com\/avatar\/8682b50fcd60ec79a5bfcecdccdacabfeacd709f221ceabcacdfc87c4d8bdea7?s=96&d=mm&r=g","caption":"Anette Vidnes"},"url":"https:\/\/www.siderlandet.no\/fr\/author\/anette\/"}]}},"_links":{"self":[{"href":"https:\/\/www.siderlandet.no\/fr\/wp-json\/wp\/v2\/posts\/5898","targetHints":{"allow":["GET"]}}],"collection":[{"href":"https:\/\/www.siderlandet.no\/fr\/wp-json\/wp\/v2\/posts"}],"about":[{"href":"https:\/\/www.siderlandet.no\/fr\/wp-json\/wp\/v2\/types\/post"}],"author":[{"embeddable":true,"href":"https:\/\/www.siderlandet.no\/fr\/wp-json\/wp\/v2\/users\/3"}],"replies":[{"embeddable":true,"href":"https:\/\/www.siderlandet.no\/fr\/wp-json\/wp\/v2\/comments?post=5898"}],"version-history":[{"count":7,"href":"https:\/\/www.siderlandet.no\/fr\/wp-json\/wp\/v2\/posts\/5898\/revisions"}],"predecessor-version":[{"id":7291,"href":"https:\/\/www.siderlandet.no\/fr\/wp-json\/wp\/v2\/posts\/5898\/revisions\/7291"}],"wp:featuredmedia":[{"embeddable":true,"href":"https:\/\/www.siderlandet.no\/fr\/wp-json\/wp\/v2\/media\/6241"}],"wp:attachment":[{"href":"https:\/\/www.siderlandet.no\/fr\/wp-json\/wp\/v2\/media?parent=5898"}],"wp:term":[{"taxonomy":"category","embeddable":true,"href":"https:\/\/www.siderlandet.no\/fr\/wp-json\/wp\/v2\/categories?post=5898"},{"taxonomy":"post_tag","embeddable":true,"href":"https:\/\/www.siderlandet.no\/fr\/wp-json\/wp\/v2\/tags?post=5898"},{"taxonomy":"produktfylke-tag","embeddable":true,"href":"https:\/\/www.siderlandet.no\/fr\/wp-json\/wp\/v2\/produktfylke-tag?post=5898"},{"taxonomy":"produsentfylke","embeddable":true,"href":"https:\/\/www.siderlandet.no\/fr\/wp-json\/wp\/v2\/produsentfylke?post=5898"}],"curies":[{"name":"wp","href":"https:\/\/api.w.org\/{rel}","templated":true}]}}