{"id":6482,"date":"2024-02-28T09:58:12","date_gmt":"2024-02-28T09:58:12","guid":{"rendered":"https:\/\/www.siderlandet.no\/?p=6482"},"modified":"2025-09-23T20:52:40","modified_gmt":"2025-09-23T20:52:40","slug":"ovre-ellingsrud-gard","status":"publish","type":"post","link":"https:\/\/www.siderlandet.no\/en\/ovre-ellingsrud-gard\/","title":{"rendered":"\u00d8vre Ellingsrud g\u00e5rd"},"content":{"rendered":"<h2>\n\t\t\u00d8VRE ELLINGSRUD G\u00c5RD\n\t<\/h2>\n\t<p>\u00d8vre Ellingsrud farm is a small farm in \u00d8stre Jevnaker, the farm is located at 430 m above sea level.<\/p>\n<p>Here we, Camilla and Jan, have grown blackcurrants and currants on a small scale since 2012, organically of course.<\/p>\n<p>Siden da har vi produsert saft og syltet\u00f8y av v\u00e5re egne b\u00e6r. I 2022 lanserte vi v\u00e5re f\u00f8rste fruktviner, og har oppn\u00e5dd gullstandard for &laquo;Pilegrimens tr\u00f8st&raquo; i konkurransen &laquo;Norges Beste&raquo; i 2020.<\/p>\n<p>Our fruit wines are spontaneously fermented, unfiltered and with nothing but organic sugar added. We put our wine on the press residues after the juice production. In this way, we use our raw materials to the fullest, and we are proud of that!<\/p>\n<p>We want to be small and we want to allow ourselves to develop our very own wines, in the direction we want. We don't really care what the big market wants. Our wines will never get there anyway, but we would think it nice if you took the chance on a bottle!<\/p>\n\t<img decoding=\"async\" src=\"&#8217;[wpbb\" alt=\"Produsent logo 2\" style=\"border: 0\" \/>&#8216; producer_url=&#8217;&#8216;]\n\t<button style=\"background-color: #eb3b41; border: none;\" onclick=\"window.location.href=''\">&#8216;\n]\n[trp_language language=\"nb_NO\"] \nProdukter fra [wpbb post:title]\n[\/trp_language]\n[trp_language language=\"en_US\"] \nProducts from [wpbb post:title]\n[\/trp_language]\n[trp_language language=\"de_DE\"] \nProdukte von [wpbb post:title]\n[\/trp_language]\n<\/button>\n\t<p><strong>FARM SHOP OPENING HOURS:<\/strong><\/p>\n<p>By appointment<\/p>\n\t<p><strong>Contact information: <\/strong><\/p>\nAdresse: Klinkenbergveien 350,<br \/>\n3520 Jevnaker<br \/>\nKontaktperson: Jan Romsaas<br \/>\nTelefon: +47 95837465\n<p>&nbsp;<\/p>\n<p>&nbsp;<\/p>\n\t<a href=\"https:\/\/maps.google.com\/?q=\">Open in Google Maps \u29c9<\/a>","protected":false},"excerpt":{"rendered":"<p>\u00d8vre Ellingsrud farm is a small farm in \u00d8stre Jevnaker, at 430 m above sea level. Here Camilla and Jan have grown blackcurrants and currants on a small scale since 2012 - organically, of course. Since then, we have produced juice and jam from our own berries. <\/p>","protected":false},"author":3,"featured_media":6537,"comment_status":"closed","ping_status":"closed","sticky":false,"template":"tpl-full-width.php","format":"standard","meta":{"_acf_changed":false,"footnotes":""},"categories":[42],"tags":[13,22,599],"produktfylke-tag":[],"produsentfylke":[609],"class_list":["post-6482","post","type-post","status-publish","format-standard","has-post-thumbnail","hentry","category-produsent","tag-gardsutsalg","tag-kommunal-tilvirkningsloyve","tag-produsentakershus","produsentfylke-akershus"],"acf":[],"yoast_head":"<!-- This site is optimized with the Yoast SEO plugin v25.9 - https:\/\/yoast.com\/wordpress\/plugins\/seo\/ -->\n<title>\u00d8vre Ellingsrud g\u00e5rd - Siderlandet<\/title>\n<meta name=\"description\" content=\"\u00d8vre Ellingsrud g\u00e5rd er et lite sm\u00e5bruk i \u00d8stre Jevnaker, p\u00e5 430 moh. Her har vi, Camilla og Jan, dyrket solb\u00e6r og rips i liten skala siden 2012 - \u00f8kologisk selvf\u00f8lgelig. Siden da har vi produsert saft og syltet\u00f8y av v\u00e5re egne b\u00e6r.\" \/>\n<meta name=\"robots\" content=\"index, follow, max-snippet:-1, max-image-preview:large, max-video-preview:-1\" \/>\n<link rel=\"canonical\" href=\"https:\/\/www.siderlandet.no\/en\/ovre-ellingsrud-gard\/\" \/>\n<meta property=\"og:locale\" content=\"en_US\" \/>\n<meta property=\"og:type\" content=\"article\" \/>\n<meta property=\"og:title\" content=\"\u00d8vre Ellingsrud g\u00e5rd - Siderlandet\" \/>\n<meta property=\"og:description\" content=\"\u00d8vre Ellingsrud g\u00e5rd er et lite sm\u00e5bruk i \u00d8stre Jevnaker, p\u00e5 430 moh. Her har vi, Camilla og Jan, dyrket solb\u00e6r og rips i liten skala siden 2012 - \u00f8kologisk selvf\u00f8lgelig. Siden da har vi produsert saft og syltet\u00f8y av v\u00e5re egne b\u00e6r.\" \/>\n<meta property=\"og:url\" content=\"https:\/\/www.siderlandet.no\/en\/ovre-ellingsrud-gard\/\" \/>\n<meta property=\"og:site_name\" content=\"Siderlandet\" \/>\n<meta property=\"article:publisher\" content=\"https:\/\/www.facebook.com\/siderlandetnorge\/\" \/>\n<meta property=\"article:published_time\" content=\"2024-02-28T09:58:12+00:00\" \/>\n<meta property=\"article:modified_time\" content=\"2025-09-23T20:52:40+00:00\" \/>\n<meta property=\"og:image\" content=\"https:\/\/www.siderlandet.no\/wp-content\/uploads\/2024\/02\/OEG_vinter_719x495.jpg\" \/>\n\t<meta property=\"og:image:width\" content=\"719\" \/>\n\t<meta property=\"og:image:height\" content=\"495\" \/>\n\t<meta property=\"og:image:type\" content=\"image\/jpeg\" \/>\n<meta name=\"author\" content=\"Anette Vidnes\" \/>\n<meta name=\"twitter:card\" content=\"summary_large_image\" \/>\n<meta name=\"twitter:label1\" content=\"Written by\" \/>\n\t<meta name=\"twitter:data1\" content=\"Anette Vidnes\" \/>\n\t<meta name=\"twitter:label2\" content=\"Est. reading time\" \/>\n\t<meta name=\"twitter:data2\" content=\"2 minutes\" \/>\n<script type=\"application\/ld+json\" class=\"yoast-schema-graph\">{\"@context\":\"https:\/\/schema.org\",\"@graph\":[{\"@type\":\"Article\",\"@id\":\"https:\/\/www.siderlandet.no\/ovre-ellingsrud-gard\/#article\",\"isPartOf\":{\"@id\":\"https:\/\/www.siderlandet.no\/ovre-ellingsrud-gard\/\"},\"author\":{\"name\":\"Anette Vidnes\",\"@id\":\"https:\/\/www.siderlandet.no\/#\/schema\/person\/deae290409c2f52a3d6e3123676d469e\"},\"headline\":\"\u00d8vre Ellingsrud g\u00e5rd\",\"datePublished\":\"2024-02-28T09:58:12+00:00\",\"dateModified\":\"2025-09-23T20:52:40+00:00\",\"mainEntityOfPage\":{\"@id\":\"https:\/\/www.siderlandet.no\/ovre-ellingsrud-gard\/\"},\"wordCount\":275,\"publisher\":{\"@id\":\"https:\/\/www.siderlandet.no\/#organization\"},\"image\":{\"@id\":\"https:\/\/www.siderlandet.no\/ovre-ellingsrud-gard\/#primaryimage\"},\"thumbnailUrl\":\"https:\/\/www.siderlandet.no\/wp-content\/uploads\/2024\/02\/OEG_vinter_719x495.jpg\",\"keywords\":[\"Har g\u00e5rdsutsalg\",\"Har kommunal tilvirkningsl\u00f8yve\",\"ProdusentAkershus\"],\"articleSection\":[\"Produsent\"],\"inLanguage\":\"en-US\"},{\"@type\":\"WebPage\",\"@id\":\"https:\/\/www.siderlandet.no\/ovre-ellingsrud-gard\/\",\"url\":\"https:\/\/www.siderlandet.no\/ovre-ellingsrud-gard\/\",\"name\":\"\u00d8vre Ellingsrud g\u00e5rd - Siderlandet\",\"isPartOf\":{\"@id\":\"https:\/\/www.siderlandet.no\/#website\"},\"primaryImageOfPage\":{\"@id\":\"https:\/\/www.siderlandet.no\/ovre-ellingsrud-gard\/#primaryimage\"},\"image\":{\"@id\":\"https:\/\/www.siderlandet.no\/ovre-ellingsrud-gard\/#primaryimage\"},\"thumbnailUrl\":\"https:\/\/www.siderlandet.no\/wp-content\/uploads\/2024\/02\/OEG_vinter_719x495.jpg\",\"datePublished\":\"2024-02-28T09:58:12+00:00\",\"dateModified\":\"2025-09-23T20:52:40+00:00\",\"description\":\"\u00d8vre Ellingsrud g\u00e5rd er et lite sm\u00e5bruk i \u00d8stre Jevnaker, p\u00e5 430 moh. Her har vi, Camilla og Jan, dyrket solb\u00e6r og rips i liten skala siden 2012 - \u00f8kologisk selvf\u00f8lgelig. Siden da har vi produsert saft og syltet\u00f8y av v\u00e5re egne b\u00e6r.\",\"breadcrumb\":{\"@id\":\"https:\/\/www.siderlandet.no\/ovre-ellingsrud-gard\/#breadcrumb\"},\"inLanguage\":\"en-US\",\"potentialAction\":[{\"@type\":\"ReadAction\",\"target\":[\"https:\/\/www.siderlandet.no\/ovre-ellingsrud-gard\/\"]}]},{\"@type\":\"ImageObject\",\"inLanguage\":\"en-US\",\"@id\":\"https:\/\/www.siderlandet.no\/ovre-ellingsrud-gard\/#primaryimage\",\"url\":\"https:\/\/www.siderlandet.no\/wp-content\/uploads\/2024\/02\/OEG_vinter_719x495.jpg\",\"contentUrl\":\"https:\/\/www.siderlandet.no\/wp-content\/uploads\/2024\/02\/OEG_vinter_719x495.jpg\",\"width\":719,\"height\":495},{\"@type\":\"BreadcrumbList\",\"@id\":\"https:\/\/www.siderlandet.no\/ovre-ellingsrud-gard\/#breadcrumb\",\"itemListElement\":[{\"@type\":\"ListItem\",\"position\":1,\"name\":\"Hjem\",\"item\":\"https:\/\/www.siderlandet.no\/\"},{\"@type\":\"ListItem\",\"position\":2,\"name\":\"\u00d8vre Ellingsrud g\u00e5rd\"}]},{\"@type\":\"WebSite\",\"@id\":\"https:\/\/www.siderlandet.no\/#website\",\"url\":\"https:\/\/www.siderlandet.no\/\",\"name\":\"Siderlandet Norge\",\"description\":\"All norsk sider p\u00e5 ett sted\",\"publisher\":{\"@id\":\"https:\/\/www.siderlandet.no\/#organization\"},\"potentialAction\":[{\"@type\":\"SearchAction\",\"target\":{\"@type\":\"EntryPoint\",\"urlTemplate\":\"https:\/\/www.siderlandet.no\/?s={search_term_string}\"},\"query-input\":{\"@type\":\"PropertyValueSpecification\",\"valueRequired\":true,\"valueName\":\"search_term_string\"}}],\"inLanguage\":\"en-US\"},{\"@type\":\"Organization\",\"@id\":\"https:\/\/www.siderlandet.no\/#organization\",\"name\":\"Siderlandet Norge\",\"url\":\"https:\/\/www.siderlandet.no\/\",\"logo\":{\"@type\":\"ImageObject\",\"inLanguage\":\"en-US\",\"@id\":\"https:\/\/www.siderlandet.no\/#\/schema\/logo\/image\/\",\"url\":\"https:\/\/www.siderlandet.no\/wp-content\/uploads\/2023\/02\/Siderlandet_Staende_sort.png\",\"contentUrl\":\"https:\/\/www.siderlandet.no\/wp-content\/uploads\/2023\/02\/Siderlandet_Staende_sort.png\",\"width\":1867,\"height\":1372,\"caption\":\"Siderlandet Norge\"},\"image\":{\"@id\":\"https:\/\/www.siderlandet.no\/#\/schema\/logo\/image\/\"},\"sameAs\":[\"https:\/\/www.facebook.com\/siderlandetnorge\/\",\"https:\/\/www.instagram.com\/siderlandet\/\"]},{\"@type\":\"Person\",\"@id\":\"https:\/\/www.siderlandet.no\/#\/schema\/person\/deae290409c2f52a3d6e3123676d469e\",\"name\":\"Anette Vidnes\",\"image\":{\"@type\":\"ImageObject\",\"inLanguage\":\"en-US\",\"@id\":\"https:\/\/www.siderlandet.no\/#\/schema\/person\/image\/\",\"url\":\"https:\/\/secure.gravatar.com\/avatar\/8682b50fcd60ec79a5bfcecdccdacabfeacd709f221ceabcacdfc87c4d8bdea7?s=96&d=mm&r=g\",\"contentUrl\":\"https:\/\/secure.gravatar.com\/avatar\/8682b50fcd60ec79a5bfcecdccdacabfeacd709f221ceabcacdfc87c4d8bdea7?s=96&d=mm&r=g\",\"caption\":\"Anette Vidnes\"},\"url\":\"https:\/\/www.siderlandet.no\/en\/author\/anette\/\"}]}<\/script>\n<!-- \/ Yoast SEO plugin. -->","yoast_head_json":{"title":"\u00d8vre Ellingsrud g\u00e5rd - Siderlandet","description":"\u00d8vre Ellingsrud g\u00e5rd er et lite sm\u00e5bruk i \u00d8stre Jevnaker, p\u00e5 430 moh. Her har vi, Camilla og Jan, dyrket solb\u00e6r og rips i liten skala siden 2012 - \u00f8kologisk selvf\u00f8lgelig. Siden da har vi produsert saft og syltet\u00f8y av v\u00e5re egne b\u00e6r.","robots":{"index":"index","follow":"follow","max-snippet":"max-snippet:-1","max-image-preview":"max-image-preview:large","max-video-preview":"max-video-preview:-1"},"canonical":"https:\/\/www.siderlandet.no\/en\/ovre-ellingsrud-gard\/","og_locale":"en_US","og_type":"article","og_title":"\u00d8vre Ellingsrud g\u00e5rd - Siderlandet","og_description":"\u00d8vre Ellingsrud g\u00e5rd er et lite sm\u00e5bruk i \u00d8stre Jevnaker, p\u00e5 430 moh. Her har vi, Camilla og Jan, dyrket solb\u00e6r og rips i liten skala siden 2012 - \u00f8kologisk selvf\u00f8lgelig. Siden da har vi produsert saft og syltet\u00f8y av v\u00e5re egne b\u00e6r.","og_url":"https:\/\/www.siderlandet.no\/en\/ovre-ellingsrud-gard\/","og_site_name":"Siderlandet","article_publisher":"https:\/\/www.facebook.com\/siderlandetnorge\/","article_published_time":"2024-02-28T09:58:12+00:00","article_modified_time":"2025-09-23T20:52:40+00:00","og_image":[{"width":719,"height":495,"url":"https:\/\/www.siderlandet.no\/wp-content\/uploads\/2024\/02\/OEG_vinter_719x495.jpg","type":"image\/jpeg"}],"author":"Anette Vidnes","twitter_card":"summary_large_image","twitter_misc":{"Written by":"Anette Vidnes","Est. reading time":"2 minutes"},"schema":{"@context":"https:\/\/schema.org","@graph":[{"@type":"Article","@id":"https:\/\/www.siderlandet.no\/ovre-ellingsrud-gard\/#article","isPartOf":{"@id":"https:\/\/www.siderlandet.no\/ovre-ellingsrud-gard\/"},"author":{"name":"Anette Vidnes","@id":"https:\/\/www.siderlandet.no\/#\/schema\/person\/deae290409c2f52a3d6e3123676d469e"},"headline":"\u00d8vre Ellingsrud g\u00e5rd","datePublished":"2024-02-28T09:58:12+00:00","dateModified":"2025-09-23T20:52:40+00:00","mainEntityOfPage":{"@id":"https:\/\/www.siderlandet.no\/ovre-ellingsrud-gard\/"},"wordCount":275,"publisher":{"@id":"https:\/\/www.siderlandet.no\/#organization"},"image":{"@id":"https:\/\/www.siderlandet.no\/ovre-ellingsrud-gard\/#primaryimage"},"thumbnailUrl":"https:\/\/www.siderlandet.no\/wp-content\/uploads\/2024\/02\/OEG_vinter_719x495.jpg","keywords":["Har g\u00e5rdsutsalg","Har kommunal tilvirkningsl\u00f8yve","ProdusentAkershus"],"articleSection":["Produsent"],"inLanguage":"en-US"},{"@type":"WebPage","@id":"https:\/\/www.siderlandet.no\/ovre-ellingsrud-gard\/","url":"https:\/\/www.siderlandet.no\/ovre-ellingsrud-gard\/","name":"\u00d8vre Ellingsrud g\u00e5rd - Siderlandet","isPartOf":{"@id":"https:\/\/www.siderlandet.no\/#website"},"primaryImageOfPage":{"@id":"https:\/\/www.siderlandet.no\/ovre-ellingsrud-gard\/#primaryimage"},"image":{"@id":"https:\/\/www.siderlandet.no\/ovre-ellingsrud-gard\/#primaryimage"},"thumbnailUrl":"https:\/\/www.siderlandet.no\/wp-content\/uploads\/2024\/02\/OEG_vinter_719x495.jpg","datePublished":"2024-02-28T09:58:12+00:00","dateModified":"2025-09-23T20:52:40+00:00","description":"\u00d8vre Ellingsrud g\u00e5rd er et lite sm\u00e5bruk i \u00d8stre Jevnaker, p\u00e5 430 moh. Her har vi, Camilla og Jan, dyrket solb\u00e6r og rips i liten skala siden 2012 - \u00f8kologisk selvf\u00f8lgelig. Siden da har vi produsert saft og syltet\u00f8y av v\u00e5re egne b\u00e6r.","breadcrumb":{"@id":"https:\/\/www.siderlandet.no\/ovre-ellingsrud-gard\/#breadcrumb"},"inLanguage":"en-US","potentialAction":[{"@type":"ReadAction","target":["https:\/\/www.siderlandet.no\/ovre-ellingsrud-gard\/"]}]},{"@type":"ImageObject","inLanguage":"en-US","@id":"https:\/\/www.siderlandet.no\/ovre-ellingsrud-gard\/#primaryimage","url":"https:\/\/www.siderlandet.no\/wp-content\/uploads\/2024\/02\/OEG_vinter_719x495.jpg","contentUrl":"https:\/\/www.siderlandet.no\/wp-content\/uploads\/2024\/02\/OEG_vinter_719x495.jpg","width":719,"height":495},{"@type":"BreadcrumbList","@id":"https:\/\/www.siderlandet.no\/ovre-ellingsrud-gard\/#breadcrumb","itemListElement":[{"@type":"ListItem","position":1,"name":"Hjem","item":"https:\/\/www.siderlandet.no\/"},{"@type":"ListItem","position":2,"name":"\u00d8vre Ellingsrud g\u00e5rd"}]},{"@type":"WebSite","@id":"https:\/\/www.siderlandet.no\/#website","url":"https:\/\/www.siderlandet.no\/","name":"The neighboring country of Norway","description":"All norsk sider p\u00e5 ett sted","publisher":{"@id":"https:\/\/www.siderlandet.no\/#organization"},"potentialAction":[{"@type":"SearchAction","target":{"@type":"EntryPoint","urlTemplate":"https:\/\/www.siderlandet.no\/?s={search_term_string}"},"query-input":{"@type":"PropertyValueSpecification","valueRequired":true,"valueName":"search_term_string"}}],"inLanguage":"en-US"},{"@type":"Organization","@id":"https:\/\/www.siderlandet.no\/#organization","name":"The neighboring country of Norway","url":"https:\/\/www.siderlandet.no\/","logo":{"@type":"ImageObject","inLanguage":"en-US","@id":"https:\/\/www.siderlandet.no\/#\/schema\/logo\/image\/","url":"https:\/\/www.siderlandet.no\/wp-content\/uploads\/2023\/02\/Siderlandet_Staende_sort.png","contentUrl":"https:\/\/www.siderlandet.no\/wp-content\/uploads\/2023\/02\/Siderlandet_Staende_sort.png","width":1867,"height":1372,"caption":"Siderlandet Norge"},"image":{"@id":"https:\/\/www.siderlandet.no\/#\/schema\/logo\/image\/"},"sameAs":["https:\/\/www.facebook.com\/siderlandetnorge\/","https:\/\/www.instagram.com\/siderlandet\/"]},{"@type":"Person","@id":"https:\/\/www.siderlandet.no\/#\/schema\/person\/deae290409c2f52a3d6e3123676d469e","name":"Anette Vidnes","image":{"@type":"ImageObject","inLanguage":"en-US","@id":"https:\/\/www.siderlandet.no\/#\/schema\/person\/image\/","url":"https:\/\/secure.gravatar.com\/avatar\/8682b50fcd60ec79a5bfcecdccdacabfeacd709f221ceabcacdfc87c4d8bdea7?s=96&d=mm&r=g","contentUrl":"https:\/\/secure.gravatar.com\/avatar\/8682b50fcd60ec79a5bfcecdccdacabfeacd709f221ceabcacdfc87c4d8bdea7?s=96&d=mm&r=g","caption":"Anette Vidnes"},"url":"https:\/\/www.siderlandet.no\/en\/author\/anette\/"}]}},"_links":{"self":[{"href":"https:\/\/www.siderlandet.no\/en\/wp-json\/wp\/v2\/posts\/6482","targetHints":{"allow":["GET"]}}],"collection":[{"href":"https:\/\/www.siderlandet.no\/en\/wp-json\/wp\/v2\/posts"}],"about":[{"href":"https:\/\/www.siderlandet.no\/en\/wp-json\/wp\/v2\/types\/post"}],"author":[{"embeddable":true,"href":"https:\/\/www.siderlandet.no\/en\/wp-json\/wp\/v2\/users\/3"}],"replies":[{"embeddable":true,"href":"https:\/\/www.siderlandet.no\/en\/wp-json\/wp\/v2\/comments?post=6482"}],"version-history":[{"count":11,"href":"https:\/\/www.siderlandet.no\/en\/wp-json\/wp\/v2\/posts\/6482\/revisions"}],"predecessor-version":[{"id":7337,"href":"https:\/\/www.siderlandet.no\/en\/wp-json\/wp\/v2\/posts\/6482\/revisions\/7337"}],"wp:featuredmedia":[{"embeddable":true,"href":"https:\/\/www.siderlandet.no\/en\/wp-json\/wp\/v2\/media\/6537"}],"wp:attachment":[{"href":"https:\/\/www.siderlandet.no\/en\/wp-json\/wp\/v2\/media?parent=6482"}],"wp:term":[{"taxonomy":"category","embeddable":true,"href":"https:\/\/www.siderlandet.no\/en\/wp-json\/wp\/v2\/categories?post=6482"},{"taxonomy":"post_tag","embeddable":true,"href":"https:\/\/www.siderlandet.no\/en\/wp-json\/wp\/v2\/tags?post=6482"},{"taxonomy":"produktfylke-tag","embeddable":true,"href":"https:\/\/www.siderlandet.no\/en\/wp-json\/wp\/v2\/produktfylke-tag?post=6482"},{"taxonomy":"produsentfylke","embeddable":true,"href":"https:\/\/www.siderlandet.no\/en\/wp-json\/wp\/v2\/produsentfylke?post=6482"}],"curies":[{"name":"wp","href":"https:\/\/api.w.org\/{rel}","templated":true}]}}