{"id":849,"date":"2022-04-07T16:36:56","date_gmt":"2022-04-07T16:36:56","guid":{"rendered":"https:\/\/www.siderlandet.no\/?p=849"},"modified":"2025-09-23T20:58:46","modified_gmt":"2025-09-23T20:58:46","slug":"agnar-lund","status":"publish","type":"post","link":"https:\/\/www.siderlandet.no\/de\/agnar-lund\/","title":{"rendered":"Nordre Bergan G\u00e5rd - Agnar Lund"},"content":{"rendered":"<h2>\n\t\tNORDRE BERGAN G\u00c5RD\n\t<\/h2>\n\t<p>Hier auf dem Bauernhof Nordre Bergan G\u00e5rd baue ich \u00c4pfel, K\u00fcrbisse und Getreide an. Eine eigene Bienenz\u00fcchtung, mit dem Verkauf von Honig, geh\u00f6rt auch dazu. Ein Teil der \u00c4pfel wird f\u00fcr die Produktion von Cider und Apfelsaft genommen. \u00c4pfel und K\u00fcrbisse werden \u00fcber den Grossisten Bama als Konsumware weiterverkauft, aber auch im eigenen Hofladen kann man sie kaufen.<\/p>\n<p>Unsere Apfelb\u00e4ume gedeihen auf gutem Mor\u00e4nenboden, welcher aus schlammigem Sand und leichtem Lehm besteht. Der Boden ist sehr steinreich und enth\u00e4lt viele Mineralien und ist gut gepflegt. Die steinreiche Erde sorgt daf\u00fcr, dass die Bodentemperatur angehoben wird, aber gleichzeitig auch das Wachstum der Obstb\u00e4ume ausbremst, was dem Reifungsprozess der \u00c4pfel zugutekommt. Die ganze Obstplantage liegt in s\u00fcdlich zugewandter Hanglage und hat somit die besten Lichtverh\u00e4ltnisse, um ein geschmackvolles Apfelaroma zu entfalten.<\/p>\n\t<img decoding=\"async\" src=\"&#8217;[wpbb\" alt=\"Produsent logo 2\" style=\"border: 0\" \/>&#8216; producer_url=&#8217;&#8216;]\n\t<button style=\"background-color: #eb3b41; border: none;\" onclick=\"window.location.href=''\">&#8216;\n]\n[trp_language language=\"nb_NO\"] \nProdukter fra [wpbb post:title]\n[\/trp_language]\n[trp_language language=\"en_US\"] \nProducts from [wpbb post:title]\n[\/trp_language]\n[trp_language language=\"de_DE\"] \nProdukte von [wpbb post:title]\n[\/trp_language]\n<\/button>\n\t<p><strong>\u00d6FFNUNGSZEITEN ABHOFSVERKAUF:<\/strong><\/p>\nJan.-Aug. Fr-Sa 10-17 Uhr<br \/>\nSept.-Dez. Do-Fr-Sa 10-17 Uhr\n<p>&nbsp;<\/p>\n\t<p><strong>Kontaktinformationen: <\/strong><\/p>\nAdresse: R\u00e5stadveien 241<br \/>\n3239 Sandefjord<br \/>\nKontaktperson: Agnar Lund<br \/>\nTelefon: +47 906 32 815\n\t<a href=\"https:\/\/maps.google.com\/?q=\">In Google Maps \u00f6ffnen \u29c9<\/a>","protected":false},"excerpt":{"rendered":"<p>Hier auf dem Bauernhof Nordre Bergan G\u00e5rd baue ich \u00c4pfel, K\u00fcrbisse und Getreide an. Eine eigene Bienenz\u00fcchtung, mit dem Verkauf von Honig, geh\u00f6rt auch dazu. Ein Teil der \u00c4pfel wird f\u00fcr die Produktion von Cider und Apfelsaft genommen. <\/p>","protected":false},"author":3,"featured_media":6471,"comment_status":"closed","ping_status":"closed","sticky":false,"template":"tpl-full-width.php","format":"standard","meta":{"_acf_changed":false,"footnotes":""},"categories":[42],"tags":[13,14,41,127,506,512,23],"produktfylke-tag":[],"produsentfylke":[616],"class_list":["post-849","post","type-post","status-publish","format-standard","has-post-thumbnail","hentry","category-produsent","tag-gardsutsalg","tag-horeca","tag-vinmonopolet","tag-produsent-med-gardsutsalg","tag-produsentsandefjord","tag-produsentvestfold","tag-statlig-tilvirkningsloyve","produsentfylke-vestfold"],"acf":[],"yoast_head":"<!-- This site is optimized with the Yoast SEO plugin v25.9 - https:\/\/yoast.com\/wordpress\/plugins\/seo\/ -->\n<title>Nordre Bergan G\u00e5rd - Agnar Lund - Siderlandet<\/title>\n<meta name=\"description\" content=\"Her p\u00e5 Nordre Bergan g\u00e5rd dyrker jeg epler, gresskar og korn. Egen big\u00e5rd med salg av honning h\u00f8rer ogs\u00e5 til. I tillegg videreforedler jeg epler til Sider og Eplemost.\" \/>\n<meta name=\"robots\" content=\"index, follow, max-snippet:-1, max-image-preview:large, max-video-preview:-1\" \/>\n<link rel=\"canonical\" href=\"https:\/\/www.siderlandet.no\/de\/agnar-lund\/\" \/>\n<meta property=\"og:locale\" content=\"de_DE\" \/>\n<meta property=\"og:type\" content=\"article\" \/>\n<meta property=\"og:title\" content=\"Nordre Bergan G\u00e5rd - Agnar Lund - Siderlandet\" \/>\n<meta property=\"og:description\" content=\"Her p\u00e5 Nordre Bergan g\u00e5rd dyrker jeg epler, gresskar og korn. Egen big\u00e5rd med salg av honning h\u00f8rer ogs\u00e5 til. I tillegg videreforedler jeg epler til Sider og Eplemost.\" \/>\n<meta property=\"og:url\" content=\"https:\/\/www.siderlandet.no\/de\/agnar-lund\/\" \/>\n<meta property=\"og:site_name\" content=\"Siderlandet\" \/>\n<meta property=\"article:publisher\" content=\"https:\/\/www.facebook.com\/siderlandetnorge\/\" \/>\n<meta property=\"article:published_time\" content=\"2022-04-07T16:36:56+00:00\" \/>\n<meta property=\"article:modified_time\" content=\"2025-09-23T20:58:46+00:00\" \/>\n<meta property=\"og:image\" content=\"https:\/\/www.siderlandet.no\/wp-content\/uploads\/2022\/04\/Nordre_Bergan_gard.jpg\" \/>\n\t<meta property=\"og:image:width\" content=\"719\" \/>\n\t<meta property=\"og:image:height\" content=\"495\" \/>\n\t<meta property=\"og:image:type\" content=\"image\/jpeg\" \/>\n<meta name=\"author\" content=\"Anette Vidnes\" \/>\n<meta name=\"twitter:card\" content=\"summary_large_image\" \/>\n<meta name=\"twitter:label1\" content=\"Verfasst von\" \/>\n\t<meta name=\"twitter:data1\" content=\"Anette Vidnes\" \/>\n\t<meta name=\"twitter:label2\" content=\"Gesch\u00e4tzte Lesezeit\" \/>\n\t<meta name=\"twitter:data2\" content=\"2\u00a0Minuten\" \/>\n<script type=\"application\/ld+json\" class=\"yoast-schema-graph\">{\"@context\":\"https:\/\/schema.org\",\"@graph\":[{\"@type\":\"Article\",\"@id\":\"https:\/\/www.siderlandet.no\/agnar-lund\/#article\",\"isPartOf\":{\"@id\":\"https:\/\/www.siderlandet.no\/agnar-lund\/\"},\"author\":{\"name\":\"Anette Vidnes\",\"@id\":\"https:\/\/www.siderlandet.no\/#\/schema\/person\/deae290409c2f52a3d6e3123676d469e\"},\"headline\":\"Nordre Bergan G\u00e5rd &#8211; Agnar Lund\",\"datePublished\":\"2022-04-07T16:36:56+00:00\",\"dateModified\":\"2025-09-23T20:58:46+00:00\",\"mainEntityOfPage\":{\"@id\":\"https:\/\/www.siderlandet.no\/agnar-lund\/\"},\"wordCount\":240,\"publisher\":{\"@id\":\"https:\/\/www.siderlandet.no\/#organization\"},\"image\":{\"@id\":\"https:\/\/www.siderlandet.no\/agnar-lund\/#primaryimage\"},\"thumbnailUrl\":\"https:\/\/www.siderlandet.no\/wp-content\/uploads\/2022\/04\/Nordre_Bergan_gard.jpg\",\"keywords\":[\"Har g\u00e5rdsutsalg\",\"HORECA\",\"I salg hos Vinmonopolet\",\"produsent med g\u00e5rdsutsalg\",\"ProdusentSandefjord\",\"ProdusentVestfold\",\"Statlig tilvirkningsl\u00f8yve\"],\"articleSection\":[\"Produsent\"],\"inLanguage\":\"de\"},{\"@type\":\"WebPage\",\"@id\":\"https:\/\/www.siderlandet.no\/agnar-lund\/\",\"url\":\"https:\/\/www.siderlandet.no\/agnar-lund\/\",\"name\":\"Nordre Bergan G\u00e5rd - Agnar Lund - Siderlandet\",\"isPartOf\":{\"@id\":\"https:\/\/www.siderlandet.no\/#website\"},\"primaryImageOfPage\":{\"@id\":\"https:\/\/www.siderlandet.no\/agnar-lund\/#primaryimage\"},\"image\":{\"@id\":\"https:\/\/www.siderlandet.no\/agnar-lund\/#primaryimage\"},\"thumbnailUrl\":\"https:\/\/www.siderlandet.no\/wp-content\/uploads\/2022\/04\/Nordre_Bergan_gard.jpg\",\"datePublished\":\"2022-04-07T16:36:56+00:00\",\"dateModified\":\"2025-09-23T20:58:46+00:00\",\"description\":\"Her p\u00e5 Nordre Bergan g\u00e5rd dyrker jeg epler, gresskar og korn. Egen big\u00e5rd med salg av honning h\u00f8rer ogs\u00e5 til. I tillegg videreforedler jeg epler til Sider og Eplemost.\",\"breadcrumb\":{\"@id\":\"https:\/\/www.siderlandet.no\/agnar-lund\/#breadcrumb\"},\"inLanguage\":\"de\",\"potentialAction\":[{\"@type\":\"ReadAction\",\"target\":[\"https:\/\/www.siderlandet.no\/agnar-lund\/\"]}]},{\"@type\":\"ImageObject\",\"inLanguage\":\"de\",\"@id\":\"https:\/\/www.siderlandet.no\/agnar-lund\/#primaryimage\",\"url\":\"https:\/\/www.siderlandet.no\/wp-content\/uploads\/2022\/04\/Nordre_Bergan_gard.jpg\",\"contentUrl\":\"https:\/\/www.siderlandet.no\/wp-content\/uploads\/2022\/04\/Nordre_Bergan_gard.jpg\",\"width\":719,\"height\":495},{\"@type\":\"BreadcrumbList\",\"@id\":\"https:\/\/www.siderlandet.no\/agnar-lund\/#breadcrumb\",\"itemListElement\":[{\"@type\":\"ListItem\",\"position\":1,\"name\":\"Hjem\",\"item\":\"https:\/\/www.siderlandet.no\/\"},{\"@type\":\"ListItem\",\"position\":2,\"name\":\"Nordre Bergan G\u00e5rd &#8211; Agnar Lund\"}]},{\"@type\":\"WebSite\",\"@id\":\"https:\/\/www.siderlandet.no\/#website\",\"url\":\"https:\/\/www.siderlandet.no\/\",\"name\":\"Siderlandet Norge\",\"description\":\"All norsk sider p\u00e5 ett sted\",\"publisher\":{\"@id\":\"https:\/\/www.siderlandet.no\/#organization\"},\"potentialAction\":[{\"@type\":\"SearchAction\",\"target\":{\"@type\":\"EntryPoint\",\"urlTemplate\":\"https:\/\/www.siderlandet.no\/?s={search_term_string}\"},\"query-input\":{\"@type\":\"PropertyValueSpecification\",\"valueRequired\":true,\"valueName\":\"search_term_string\"}}],\"inLanguage\":\"de\"},{\"@type\":\"Organization\",\"@id\":\"https:\/\/www.siderlandet.no\/#organization\",\"name\":\"Siderlandet Norge\",\"url\":\"https:\/\/www.siderlandet.no\/\",\"logo\":{\"@type\":\"ImageObject\",\"inLanguage\":\"de\",\"@id\":\"https:\/\/www.siderlandet.no\/#\/schema\/logo\/image\/\",\"url\":\"https:\/\/www.siderlandet.no\/wp-content\/uploads\/2023\/02\/Siderlandet_Staende_sort.png\",\"contentUrl\":\"https:\/\/www.siderlandet.no\/wp-content\/uploads\/2023\/02\/Siderlandet_Staende_sort.png\",\"width\":1867,\"height\":1372,\"caption\":\"Siderlandet Norge\"},\"image\":{\"@id\":\"https:\/\/www.siderlandet.no\/#\/schema\/logo\/image\/\"},\"sameAs\":[\"https:\/\/www.facebook.com\/siderlandetnorge\/\",\"https:\/\/www.instagram.com\/siderlandet\/\"]},{\"@type\":\"Person\",\"@id\":\"https:\/\/www.siderlandet.no\/#\/schema\/person\/deae290409c2f52a3d6e3123676d469e\",\"name\":\"Anette Vidnes\",\"image\":{\"@type\":\"ImageObject\",\"inLanguage\":\"de\",\"@id\":\"https:\/\/www.siderlandet.no\/#\/schema\/person\/image\/\",\"url\":\"https:\/\/secure.gravatar.com\/avatar\/8682b50fcd60ec79a5bfcecdccdacabfeacd709f221ceabcacdfc87c4d8bdea7?s=96&d=mm&r=g\",\"contentUrl\":\"https:\/\/secure.gravatar.com\/avatar\/8682b50fcd60ec79a5bfcecdccdacabfeacd709f221ceabcacdfc87c4d8bdea7?s=96&d=mm&r=g\",\"caption\":\"Anette Vidnes\"},\"url\":\"https:\/\/www.siderlandet.no\/de\/author\/anette\/\"}]}<\/script>\n<!-- \/ Yoast SEO plugin. -->","yoast_head_json":{"title":"Nordre Bergan G\u00e5rd - Agnar Lund - Siderlandet","description":"Her p\u00e5 Nordre Bergan g\u00e5rd dyrker jeg epler, gresskar og korn. Egen big\u00e5rd med salg av honning h\u00f8rer ogs\u00e5 til. I tillegg videreforedler jeg epler til Sider og Eplemost.","robots":{"index":"index","follow":"follow","max-snippet":"max-snippet:-1","max-image-preview":"max-image-preview:large","max-video-preview":"max-video-preview:-1"},"canonical":"https:\/\/www.siderlandet.no\/de\/agnar-lund\/","og_locale":"de_DE","og_type":"article","og_title":"Nordre Bergan G\u00e5rd - Agnar Lund - Siderlandet","og_description":"Her p\u00e5 Nordre Bergan g\u00e5rd dyrker jeg epler, gresskar og korn. Egen big\u00e5rd med salg av honning h\u00f8rer ogs\u00e5 til. I tillegg videreforedler jeg epler til Sider og Eplemost.","og_url":"https:\/\/www.siderlandet.no\/de\/agnar-lund\/","og_site_name":"Siderlandet","article_publisher":"https:\/\/www.facebook.com\/siderlandetnorge\/","article_published_time":"2022-04-07T16:36:56+00:00","article_modified_time":"2025-09-23T20:58:46+00:00","og_image":[{"width":719,"height":495,"url":"https:\/\/www.siderlandet.no\/wp-content\/uploads\/2022\/04\/Nordre_Bergan_gard.jpg","type":"image\/jpeg"}],"author":"Anette Vidnes","twitter_card":"summary_large_image","twitter_misc":{"Verfasst von":"Anette Vidnes","Gesch\u00e4tzte Lesezeit":"2\u00a0Minuten"},"schema":{"@context":"https:\/\/schema.org","@graph":[{"@type":"Article","@id":"https:\/\/www.siderlandet.no\/agnar-lund\/#article","isPartOf":{"@id":"https:\/\/www.siderlandet.no\/agnar-lund\/"},"author":{"name":"Anette Vidnes","@id":"https:\/\/www.siderlandet.no\/#\/schema\/person\/deae290409c2f52a3d6e3123676d469e"},"headline":"Nordre Bergan G\u00e5rd &#8211; Agnar Lund","datePublished":"2022-04-07T16:36:56+00:00","dateModified":"2025-09-23T20:58:46+00:00","mainEntityOfPage":{"@id":"https:\/\/www.siderlandet.no\/agnar-lund\/"},"wordCount":240,"publisher":{"@id":"https:\/\/www.siderlandet.no\/#organization"},"image":{"@id":"https:\/\/www.siderlandet.no\/agnar-lund\/#primaryimage"},"thumbnailUrl":"https:\/\/www.siderlandet.no\/wp-content\/uploads\/2022\/04\/Nordre_Bergan_gard.jpg","keywords":["Har g\u00e5rdsutsalg","HORECA","I salg hos Vinmonopolet","produsent med g\u00e5rdsutsalg","ProdusentSandefjord","ProdusentVestfold","Statlig tilvirkningsl\u00f8yve"],"articleSection":["Produsent"],"inLanguage":"de"},{"@type":"WebPage","@id":"https:\/\/www.siderlandet.no\/agnar-lund\/","url":"https:\/\/www.siderlandet.no\/agnar-lund\/","name":"Nordre Bergan G\u00e5rd - Agnar Lund - Siderlandet","isPartOf":{"@id":"https:\/\/www.siderlandet.no\/#website"},"primaryImageOfPage":{"@id":"https:\/\/www.siderlandet.no\/agnar-lund\/#primaryimage"},"image":{"@id":"https:\/\/www.siderlandet.no\/agnar-lund\/#primaryimage"},"thumbnailUrl":"https:\/\/www.siderlandet.no\/wp-content\/uploads\/2022\/04\/Nordre_Bergan_gard.jpg","datePublished":"2022-04-07T16:36:56+00:00","dateModified":"2025-09-23T20:58:46+00:00","description":"Her p\u00e5 Nordre Bergan g\u00e5rd dyrker jeg epler, gresskar og korn. Egen big\u00e5rd med salg av honning h\u00f8rer ogs\u00e5 til. I tillegg videreforedler jeg epler til Sider og Eplemost.","breadcrumb":{"@id":"https:\/\/www.siderlandet.no\/agnar-lund\/#breadcrumb"},"inLanguage":"de","potentialAction":[{"@type":"ReadAction","target":["https:\/\/www.siderlandet.no\/agnar-lund\/"]}]},{"@type":"ImageObject","inLanguage":"de","@id":"https:\/\/www.siderlandet.no\/agnar-lund\/#primaryimage","url":"https:\/\/www.siderlandet.no\/wp-content\/uploads\/2022\/04\/Nordre_Bergan_gard.jpg","contentUrl":"https:\/\/www.siderlandet.no\/wp-content\/uploads\/2022\/04\/Nordre_Bergan_gard.jpg","width":719,"height":495},{"@type":"BreadcrumbList","@id":"https:\/\/www.siderlandet.no\/agnar-lund\/#breadcrumb","itemListElement":[{"@type":"ListItem","position":1,"name":"Hjem","item":"https:\/\/www.siderlandet.no\/"},{"@type":"ListItem","position":2,"name":"Nordre Bergan G\u00e5rd &#8211; Agnar Lund"}]},{"@type":"WebSite","@id":"https:\/\/www.siderlandet.no\/#website","url":"https:\/\/www.siderlandet.no\/","name":"Siderlandet Norge","description":"Alle norwegischen Seiten an einem Ort","publisher":{"@id":"https:\/\/www.siderlandet.no\/#organization"},"potentialAction":[{"@type":"SearchAction","target":{"@type":"EntryPoint","urlTemplate":"https:\/\/www.siderlandet.no\/?s={search_term_string}"},"query-input":{"@type":"PropertyValueSpecification","valueRequired":true,"valueName":"search_term_string"}}],"inLanguage":"de"},{"@type":"Organization","@id":"https:\/\/www.siderlandet.no\/#organization","name":"Siderlandet Norge","url":"https:\/\/www.siderlandet.no\/","logo":{"@type":"ImageObject","inLanguage":"de","@id":"https:\/\/www.siderlandet.no\/#\/schema\/logo\/image\/","url":"https:\/\/www.siderlandet.no\/wp-content\/uploads\/2023\/02\/Siderlandet_Staende_sort.png","contentUrl":"https:\/\/www.siderlandet.no\/wp-content\/uploads\/2023\/02\/Siderlandet_Staende_sort.png","width":1867,"height":1372,"caption":"Siderlandet Norge"},"image":{"@id":"https:\/\/www.siderlandet.no\/#\/schema\/logo\/image\/"},"sameAs":["https:\/\/www.facebook.com\/siderlandetnorge\/","https:\/\/www.instagram.com\/siderlandet\/"]},{"@type":"Person","@id":"https:\/\/www.siderlandet.no\/#\/schema\/person\/deae290409c2f52a3d6e3123676d469e","name":"Anette Vidnes","image":{"@type":"ImageObject","inLanguage":"de","@id":"https:\/\/www.siderlandet.no\/#\/schema\/person\/image\/","url":"https:\/\/secure.gravatar.com\/avatar\/8682b50fcd60ec79a5bfcecdccdacabfeacd709f221ceabcacdfc87c4d8bdea7?s=96&d=mm&r=g","contentUrl":"https:\/\/secure.gravatar.com\/avatar\/8682b50fcd60ec79a5bfcecdccdacabfeacd709f221ceabcacdfc87c4d8bdea7?s=96&d=mm&r=g","caption":"Anette Vidnes"},"url":"https:\/\/www.siderlandet.no\/de\/author\/anette\/"}]}},"_links":{"self":[{"href":"https:\/\/www.siderlandet.no\/de\/wp-json\/wp\/v2\/posts\/849","targetHints":{"allow":["GET"]}}],"collection":[{"href":"https:\/\/www.siderlandet.no\/de\/wp-json\/wp\/v2\/posts"}],"about":[{"href":"https:\/\/www.siderlandet.no\/de\/wp-json\/wp\/v2\/types\/post"}],"author":[{"embeddable":true,"href":"https:\/\/www.siderlandet.no\/de\/wp-json\/wp\/v2\/users\/3"}],"replies":[{"embeddable":true,"href":"https:\/\/www.siderlandet.no\/de\/wp-json\/wp\/v2\/comments?post=849"}],"version-history":[{"count":20,"href":"https:\/\/www.siderlandet.no\/de\/wp-json\/wp\/v2\/posts\/849\/revisions"}],"predecessor-version":[{"id":7365,"href":"https:\/\/www.siderlandet.no\/de\/wp-json\/wp\/v2\/posts\/849\/revisions\/7365"}],"wp:featuredmedia":[{"embeddable":true,"href":"https:\/\/www.siderlandet.no\/de\/wp-json\/wp\/v2\/media\/6471"}],"wp:attachment":[{"href":"https:\/\/www.siderlandet.no\/de\/wp-json\/wp\/v2\/media?parent=849"}],"wp:term":[{"taxonomy":"category","embeddable":true,"href":"https:\/\/www.siderlandet.no\/de\/wp-json\/wp\/v2\/categories?post=849"},{"taxonomy":"post_tag","embeddable":true,"href":"https:\/\/www.siderlandet.no\/de\/wp-json\/wp\/v2\/tags?post=849"},{"taxonomy":"produktfylke-tag","embeddable":true,"href":"https:\/\/www.siderlandet.no\/de\/wp-json\/wp\/v2\/produktfylke-tag?post=849"},{"taxonomy":"produsentfylke","embeddable":true,"href":"https:\/\/www.siderlandet.no\/de\/wp-json\/wp\/v2\/produsentfylke?post=849"}],"curies":[{"name":"wp","href":"https:\/\/api.w.org\/{rel}","templated":true}]}}