{"id":726,"date":"2022-04-05T12:10:07","date_gmt":"2022-04-05T12:10:07","guid":{"rendered":"https:\/\/www.siderlandet.no\/?p=726"},"modified":"2025-09-23T20:59:22","modified_gmt":"2025-09-23T20:59:22","slug":"nero-frukt-og-sider","status":"publish","type":"post","link":"https:\/\/www.siderlandet.no\/de\/nero-frukt-og-sider\/","title":{"rendered":"NeR\u00f8 Frukt og Sider"},"content":{"rendered":"<h2>\n\t\tNeR\u00d8 FRUKT OG SIDER\n\t<\/h2>\n\tNeR\u00f8 g\u00e5rd ligger i solhellinga til Heddalsvannet og speiler seg mot Gaustatoppen i nord.<br \/>\nG\u00e5rden har ingen lang tradisjon for fruktdyrking, det startet som s\u00e5 mye annet i livet som en tilfeldig interesse i 2013. Med viten om at beliggenheten her i \u00f8st-Telemark, har en klimatisk utmerkethet for frukt og b\u00e6rdyrking.\n<p>Intensive Planung und Bepflanzung von 16.000 Obstb\u00e4umen in der Zeit von 2016-2018 waren das Ergebnis. Auf dem Hof waren wir bereits in der biologischen Getreideproduktion t\u00e4tig und es war nat\u00fcrlich, dies auch in der Apfelproduktion fortzusetzen. Definitiv nicht die einfachste Aufgabe, aber Sie werden keine reineren Rohstoffe finden. Um die Wahrheit zu sagen, gab es schon vor der Pflanzung des ersten Apfelbaums ein gut ausgepr\u00e4gtes Interesse daran, die Rohstoffe in edlere Produkte zu fermentieren.<\/p>\n<p>Nach verschiedenen Tests begannen wir 2018 in professionellere Ausr\u00fcstung zu investieren und haben seitdem wirklich nur weitergemacht. Zum Spa\u00df begannen wir, unsere Produkte Tests und Wettbewerben vorzulegen. Mit Goldmedaillen f\u00fcr unsere Cider, kaum bevor die Tinte auf der Verkaufslice noch trocken war, ging alles schnell voran.<\/p>\n<p>Der Hof wird derzeit von Ole Christoffer und Trine betrieben und wir versuchen, den Gro\u00dfteil der Arbeit selbst zu erledigen, au\u00dfer beim Pfl\u00fccken. Wir m\u00fcssen zugeben, dass viel von der Arbeit sowohl im Obstgarten als auch in der Ciderproduktion ebenso sehr auf Trotz und Unwissenheit beruht wie auf Liebe und Sonnenschein. Aber wir glauben, dass all dies zusammen die einzigartigsten, ehrlichsten und unverwechselbarsten Produkte hervorbringt. Ein italienisches Sprichwort sagt, dass es zwei Dinge gibt, die man nicht z\u00e4hlen sollte: die Anzahl der Tage, die man gelebt hat, und die Anzahl der Gl\u00e4ser, die man getrunken hat. Wir denken, es ist gut hinzuzuf\u00fcgen, dass es auch keinen Sinn macht, unsere eigenen Arbeitsstunden zu z\u00e4hlen, aber wir empfinden uns unglaublich gl\u00fccklich, jeden Tag das ganze Jahr \u00fcber damit arbeiten zu k\u00f6nnen. Besuchen Sie uns gerne und wir werden Ihnen viel, viel mehr zeigen und erz\u00e4hlen.<\/p>\n\t<img decoding=\"async\" src=\"&#8217;[wpbb\" alt=\"Produsent logo 2\" style=\"border: 0\" \/>&#8216; producer_url=&#8217;&#8216;]\n\t<button style=\"background-color: #eb3b41; border: none;\" onclick=\"window.location.href=''\">&#8216;\n]\n[trp_language language=\"nb_NO\"] \nProdukter fra [wpbb post:title]\n[\/trp_language]\n[trp_language language=\"en_US\"] \nProducts from [wpbb post:title]\n[\/trp_language]\n[trp_language language=\"de_DE\"] \nProdukte von [wpbb post:title]\n[\/trp_language]\n<\/button>\n\t<p><strong>\u00d6FFNUNGSZEITEN ABHOFSVERKAUF:<\/strong><\/p>\nMontag 10-18<br \/>\nDienstag 10-18<br \/>\nMittwoch 10-18<br \/>\nDonnerstag 10-18<br \/>\nFreitag 10-18<br \/>\nSamstag 10-18<br \/>\nSonntag: geschlossen\n\t<p><strong>Kontaktinformationen: <\/strong><\/p>\nAdresse: Hagenweg 27<br \/>\n3683 Notodden<br \/>\nKontaktperson Ole Christoffer R\u00f8ste<br \/>\nTelefon: +47 95154655\n\t<a href=\"https:\/\/maps.google.com\/?q=\">In Google Maps \u00f6ffnen \u29c9<\/a>","protected":false},"excerpt":{"rendered":"<p>NeR\u00f8 farm liegt am sonnigen Hang des Heddalsvannet und blickt nach Norden auf den Berg Gaustatoppen. Der Hof hat keine lange Tradition im Obstbau. Er begann, wie viele Dinge im Leben, als zuf\u00e4lliges Interesse im Jahr 2013 und mit dem Wissen, dass dieser Standort im \u00f6stlichen Telemark ein ausgezeichnetes Klima f\u00fcr den Anbau von Obst und Beeren hat.<\/p>","protected":false},"author":1,"featured_media":6248,"comment_status":"closed","ping_status":"closed","sticky":false,"template":"tpl-full-width.php","format":"standard","meta":{"_acf_changed":false,"footnotes":""},"categories":[42],"tags":[13,14,41,127,507],"produktfylke-tag":[],"produsentfylke":[614],"class_list":["post-726","post","type-post","status-publish","format-standard","has-post-thumbnail","hentry","category-produsent","tag-gardsutsalg","tag-horeca","tag-vinmonopolet","tag-produsent-med-gardsutsalg","tag-produsenttelemark","produsentfylke-telemark"],"acf":[],"yoast_head":"<!-- This site is optimized with the Yoast SEO plugin v25.9 - https:\/\/yoast.com\/wordpress\/plugins\/seo\/ -->\n<title>NeR\u00f8 Frukt og Sider - Siderlandet<\/title>\n<meta name=\"description\" content=\"NeR\u00f8 g\u00e5rd ligger i solhellinga til Heddalsvannet og speiler seg mot Gaustatoppen i nord. G\u00e5rden har ingen lang tradisjon for fruktdyrking, det startet som s\u00e5 mye annet i livet som en tilfeldig interesse i 2013. Med viten om at beliggenheten her i \u00f8st-Telemark, har en klimatisk utmerkethet for frukt og b\u00e6rdyrking.\" \/>\n<meta name=\"robots\" content=\"index, follow, max-snippet:-1, max-image-preview:large, max-video-preview:-1\" \/>\n<link rel=\"canonical\" href=\"https:\/\/www.siderlandet.no\/de\/nero-frukt-og-sider\/\" \/>\n<meta property=\"og:locale\" content=\"de_DE\" \/>\n<meta property=\"og:type\" content=\"article\" \/>\n<meta property=\"og:title\" content=\"NeR\u00f8 Frukt og Sider - Siderlandet\" \/>\n<meta property=\"og:description\" content=\"NeR\u00f8 g\u00e5rd ligger i solhellinga til Heddalsvannet og speiler seg mot Gaustatoppen i nord. G\u00e5rden har ingen lang tradisjon for fruktdyrking, det startet som s\u00e5 mye annet i livet som en tilfeldig interesse i 2013. Med viten om at beliggenheten her i \u00f8st-Telemark, har en klimatisk utmerkethet for frukt og b\u00e6rdyrking.\" \/>\n<meta property=\"og:url\" content=\"https:\/\/www.siderlandet.no\/de\/nero-frukt-og-sider\/\" \/>\n<meta property=\"og:site_name\" content=\"Siderlandet\" \/>\n<meta property=\"article:publisher\" content=\"https:\/\/www.facebook.com\/siderlandetnorge\/\" \/>\n<meta property=\"article:published_time\" content=\"2022-04-05T12:10:07+00:00\" \/>\n<meta property=\"article:modified_time\" content=\"2025-09-23T20:59:22+00:00\" \/>\n<meta property=\"og:image\" content=\"https:\/\/www.siderlandet.no\/wp-content\/uploads\/2022\/04\/Nerogaard.jpg\" \/>\n\t<meta property=\"og:image:width\" content=\"719\" \/>\n\t<meta property=\"og:image:height\" content=\"495\" \/>\n\t<meta property=\"og:image:type\" content=\"image\/jpeg\" \/>\n<meta name=\"author\" content=\"elihod\" \/>\n<meta name=\"twitter:card\" content=\"summary_large_image\" \/>\n<meta name=\"twitter:label1\" content=\"Verfasst von\" \/>\n\t<meta name=\"twitter:data1\" content=\"elihod\" \/>\n\t<meta name=\"twitter:label2\" content=\"Gesch\u00e4tzte Lesezeit\" \/>\n\t<meta name=\"twitter:data2\" content=\"3\u00a0Minuten\" \/>\n<script type=\"application\/ld+json\" class=\"yoast-schema-graph\">{\"@context\":\"https:\/\/schema.org\",\"@graph\":[{\"@type\":\"Article\",\"@id\":\"https:\/\/www.siderlandet.no\/nero-frukt-og-sider\/#article\",\"isPartOf\":{\"@id\":\"https:\/\/www.siderlandet.no\/nero-frukt-og-sider\/\"},\"author\":{\"name\":\"elihod\",\"@id\":\"https:\/\/www.siderlandet.no\/#\/schema\/person\/e60548950f4608f3f89e653a3abd5577\"},\"headline\":\"NeR\u00f8 Frukt og Sider\",\"datePublished\":\"2022-04-05T12:10:07+00:00\",\"dateModified\":\"2025-09-23T20:59:22+00:00\",\"mainEntityOfPage\":{\"@id\":\"https:\/\/www.siderlandet.no\/nero-frukt-og-sider\/\"},\"wordCount\":444,\"publisher\":{\"@id\":\"https:\/\/www.siderlandet.no\/#organization\"},\"image\":{\"@id\":\"https:\/\/www.siderlandet.no\/nero-frukt-og-sider\/#primaryimage\"},\"thumbnailUrl\":\"https:\/\/www.siderlandet.no\/wp-content\/uploads\/2022\/04\/Nerogaard.jpg\",\"keywords\":[\"Har g\u00e5rdsutsalg\",\"HORECA\",\"I salg hos Vinmonopolet\",\"produsent med g\u00e5rdsutsalg\",\"ProdusentTelemark\"],\"articleSection\":[\"Produsent\"],\"inLanguage\":\"de\"},{\"@type\":\"WebPage\",\"@id\":\"https:\/\/www.siderlandet.no\/nero-frukt-og-sider\/\",\"url\":\"https:\/\/www.siderlandet.no\/nero-frukt-og-sider\/\",\"name\":\"NeR\u00f8 Frukt og Sider - Siderlandet\",\"isPartOf\":{\"@id\":\"https:\/\/www.siderlandet.no\/#website\"},\"primaryImageOfPage\":{\"@id\":\"https:\/\/www.siderlandet.no\/nero-frukt-og-sider\/#primaryimage\"},\"image\":{\"@id\":\"https:\/\/www.siderlandet.no\/nero-frukt-og-sider\/#primaryimage\"},\"thumbnailUrl\":\"https:\/\/www.siderlandet.no\/wp-content\/uploads\/2022\/04\/Nerogaard.jpg\",\"datePublished\":\"2022-04-05T12:10:07+00:00\",\"dateModified\":\"2025-09-23T20:59:22+00:00\",\"description\":\"NeR\u00f8 g\u00e5rd ligger i solhellinga til Heddalsvannet og speiler seg mot Gaustatoppen i nord. G\u00e5rden har ingen lang tradisjon for fruktdyrking, det startet som s\u00e5 mye annet i livet som en tilfeldig interesse i 2013. Med viten om at beliggenheten her i \u00f8st-Telemark, har en klimatisk utmerkethet for frukt og b\u00e6rdyrking.\",\"breadcrumb\":{\"@id\":\"https:\/\/www.siderlandet.no\/nero-frukt-og-sider\/#breadcrumb\"},\"inLanguage\":\"de\",\"potentialAction\":[{\"@type\":\"ReadAction\",\"target\":[\"https:\/\/www.siderlandet.no\/nero-frukt-og-sider\/\"]}]},{\"@type\":\"ImageObject\",\"inLanguage\":\"de\",\"@id\":\"https:\/\/www.siderlandet.no\/nero-frukt-og-sider\/#primaryimage\",\"url\":\"https:\/\/www.siderlandet.no\/wp-content\/uploads\/2022\/04\/Nerogaard.jpg\",\"contentUrl\":\"https:\/\/www.siderlandet.no\/wp-content\/uploads\/2022\/04\/Nerogaard.jpg\",\"width\":719,\"height\":495},{\"@type\":\"BreadcrumbList\",\"@id\":\"https:\/\/www.siderlandet.no\/nero-frukt-og-sider\/#breadcrumb\",\"itemListElement\":[{\"@type\":\"ListItem\",\"position\":1,\"name\":\"Hjem\",\"item\":\"https:\/\/www.siderlandet.no\/\"},{\"@type\":\"ListItem\",\"position\":2,\"name\":\"NeR\u00f8 Frukt og Sider\"}]},{\"@type\":\"WebSite\",\"@id\":\"https:\/\/www.siderlandet.no\/#website\",\"url\":\"https:\/\/www.siderlandet.no\/\",\"name\":\"Siderlandet Norge\",\"description\":\"All norsk sider p\u00e5 ett sted\",\"publisher\":{\"@id\":\"https:\/\/www.siderlandet.no\/#organization\"},\"potentialAction\":[{\"@type\":\"SearchAction\",\"target\":{\"@type\":\"EntryPoint\",\"urlTemplate\":\"https:\/\/www.siderlandet.no\/?s={search_term_string}\"},\"query-input\":{\"@type\":\"PropertyValueSpecification\",\"valueRequired\":true,\"valueName\":\"search_term_string\"}}],\"inLanguage\":\"de\"},{\"@type\":\"Organization\",\"@id\":\"https:\/\/www.siderlandet.no\/#organization\",\"name\":\"Siderlandet Norge\",\"url\":\"https:\/\/www.siderlandet.no\/\",\"logo\":{\"@type\":\"ImageObject\",\"inLanguage\":\"de\",\"@id\":\"https:\/\/www.siderlandet.no\/#\/schema\/logo\/image\/\",\"url\":\"https:\/\/www.siderlandet.no\/wp-content\/uploads\/2023\/02\/Siderlandet_Staende_sort.png\",\"contentUrl\":\"https:\/\/www.siderlandet.no\/wp-content\/uploads\/2023\/02\/Siderlandet_Staende_sort.png\",\"width\":1867,\"height\":1372,\"caption\":\"Siderlandet Norge\"},\"image\":{\"@id\":\"https:\/\/www.siderlandet.no\/#\/schema\/logo\/image\/\"},\"sameAs\":[\"https:\/\/www.facebook.com\/siderlandetnorge\/\",\"https:\/\/www.instagram.com\/siderlandet\/\"]},{\"@type\":\"Person\",\"@id\":\"https:\/\/www.siderlandet.no\/#\/schema\/person\/e60548950f4608f3f89e653a3abd5577\",\"name\":\"elihod\",\"image\":{\"@type\":\"ImageObject\",\"inLanguage\":\"de\",\"@id\":\"https:\/\/www.siderlandet.no\/#\/schema\/person\/image\/\",\"url\":\"https:\/\/secure.gravatar.com\/avatar\/812fd6ef78ba901ff9f63d51859f73701da4bc84a6f8c8a3988d01c4a1ab6fa3?s=96&d=mm&r=g\",\"contentUrl\":\"https:\/\/secure.gravatar.com\/avatar\/812fd6ef78ba901ff9f63d51859f73701da4bc84a6f8c8a3988d01c4a1ab6fa3?s=96&d=mm&r=g\",\"caption\":\"elihod\"},\"sameAs\":[\"https:\/\/www.siderlandet.no\"],\"url\":\"https:\/\/www.siderlandet.no\/de\/author\/elihod\/\"}]}<\/script>\n<!-- \/ Yoast SEO plugin. -->","yoast_head_json":{"title":"NeR\u00f8 Frukt og Sider - Siderlandet","description":"NeR\u00f8 g\u00e5rd ligger i solhellinga til Heddalsvannet og speiler seg mot Gaustatoppen i nord. G\u00e5rden har ingen lang tradisjon for fruktdyrking, det startet som s\u00e5 mye annet i livet som en tilfeldig interesse i 2013. Med viten om at beliggenheten her i \u00f8st-Telemark, har en klimatisk utmerkethet for frukt og b\u00e6rdyrking.","robots":{"index":"index","follow":"follow","max-snippet":"max-snippet:-1","max-image-preview":"max-image-preview:large","max-video-preview":"max-video-preview:-1"},"canonical":"https:\/\/www.siderlandet.no\/de\/nero-frukt-og-sider\/","og_locale":"de_DE","og_type":"article","og_title":"NeR\u00f8 Frukt og Sider - Siderlandet","og_description":"NeR\u00f8 g\u00e5rd ligger i solhellinga til Heddalsvannet og speiler seg mot Gaustatoppen i nord. G\u00e5rden har ingen lang tradisjon for fruktdyrking, det startet som s\u00e5 mye annet i livet som en tilfeldig interesse i 2013. Med viten om at beliggenheten her i \u00f8st-Telemark, har en klimatisk utmerkethet for frukt og b\u00e6rdyrking.","og_url":"https:\/\/www.siderlandet.no\/de\/nero-frukt-og-sider\/","og_site_name":"Siderlandet","article_publisher":"https:\/\/www.facebook.com\/siderlandetnorge\/","article_published_time":"2022-04-05T12:10:07+00:00","article_modified_time":"2025-09-23T20:59:22+00:00","og_image":[{"width":719,"height":495,"url":"https:\/\/www.siderlandet.no\/wp-content\/uploads\/2022\/04\/Nerogaard.jpg","type":"image\/jpeg"}],"author":"elihod","twitter_card":"summary_large_image","twitter_misc":{"Verfasst von":"elihod","Gesch\u00e4tzte Lesezeit":"3\u00a0Minuten"},"schema":{"@context":"https:\/\/schema.org","@graph":[{"@type":"Article","@id":"https:\/\/www.siderlandet.no\/nero-frukt-og-sider\/#article","isPartOf":{"@id":"https:\/\/www.siderlandet.no\/nero-frukt-og-sider\/"},"author":{"name":"elihod","@id":"https:\/\/www.siderlandet.no\/#\/schema\/person\/e60548950f4608f3f89e653a3abd5577"},"headline":"NeR\u00f8 Frukt og Sider","datePublished":"2022-04-05T12:10:07+00:00","dateModified":"2025-09-23T20:59:22+00:00","mainEntityOfPage":{"@id":"https:\/\/www.siderlandet.no\/nero-frukt-og-sider\/"},"wordCount":444,"publisher":{"@id":"https:\/\/www.siderlandet.no\/#organization"},"image":{"@id":"https:\/\/www.siderlandet.no\/nero-frukt-og-sider\/#primaryimage"},"thumbnailUrl":"https:\/\/www.siderlandet.no\/wp-content\/uploads\/2022\/04\/Nerogaard.jpg","keywords":["Har g\u00e5rdsutsalg","HORECA","I salg hos Vinmonopolet","produsent med g\u00e5rdsutsalg","ProdusentTelemark"],"articleSection":["Produsent"],"inLanguage":"de"},{"@type":"WebPage","@id":"https:\/\/www.siderlandet.no\/nero-frukt-og-sider\/","url":"https:\/\/www.siderlandet.no\/nero-frukt-og-sider\/","name":"NeR\u00f8 Frukt og Sider - Siderlandet","isPartOf":{"@id":"https:\/\/www.siderlandet.no\/#website"},"primaryImageOfPage":{"@id":"https:\/\/www.siderlandet.no\/nero-frukt-og-sider\/#primaryimage"},"image":{"@id":"https:\/\/www.siderlandet.no\/nero-frukt-og-sider\/#primaryimage"},"thumbnailUrl":"https:\/\/www.siderlandet.no\/wp-content\/uploads\/2022\/04\/Nerogaard.jpg","datePublished":"2022-04-05T12:10:07+00:00","dateModified":"2025-09-23T20:59:22+00:00","description":"NeR\u00f8 g\u00e5rd ligger i solhellinga til Heddalsvannet og speiler seg mot Gaustatoppen i nord. G\u00e5rden har ingen lang tradisjon for fruktdyrking, det startet som s\u00e5 mye annet i livet som en tilfeldig interesse i 2013. Med viten om at beliggenheten her i \u00f8st-Telemark, har en klimatisk utmerkethet for frukt og b\u00e6rdyrking.","breadcrumb":{"@id":"https:\/\/www.siderlandet.no\/nero-frukt-og-sider\/#breadcrumb"},"inLanguage":"de","potentialAction":[{"@type":"ReadAction","target":["https:\/\/www.siderlandet.no\/nero-frukt-og-sider\/"]}]},{"@type":"ImageObject","inLanguage":"de","@id":"https:\/\/www.siderlandet.no\/nero-frukt-og-sider\/#primaryimage","url":"https:\/\/www.siderlandet.no\/wp-content\/uploads\/2022\/04\/Nerogaard.jpg","contentUrl":"https:\/\/www.siderlandet.no\/wp-content\/uploads\/2022\/04\/Nerogaard.jpg","width":719,"height":495},{"@type":"BreadcrumbList","@id":"https:\/\/www.siderlandet.no\/nero-frukt-og-sider\/#breadcrumb","itemListElement":[{"@type":"ListItem","position":1,"name":"Hjem","item":"https:\/\/www.siderlandet.no\/"},{"@type":"ListItem","position":2,"name":"NeR\u00f8 Frukt og Sider"}]},{"@type":"WebSite","@id":"https:\/\/www.siderlandet.no\/#website","url":"https:\/\/www.siderlandet.no\/","name":"Siderlandet Norge","description":"Alle norwegischen Seiten an einem Ort","publisher":{"@id":"https:\/\/www.siderlandet.no\/#organization"},"potentialAction":[{"@type":"SearchAction","target":{"@type":"EntryPoint","urlTemplate":"https:\/\/www.siderlandet.no\/?s={search_term_string}"},"query-input":{"@type":"PropertyValueSpecification","valueRequired":true,"valueName":"search_term_string"}}],"inLanguage":"de"},{"@type":"Organization","@id":"https:\/\/www.siderlandet.no\/#organization","name":"Siderlandet Norge","url":"https:\/\/www.siderlandet.no\/","logo":{"@type":"ImageObject","inLanguage":"de","@id":"https:\/\/www.siderlandet.no\/#\/schema\/logo\/image\/","url":"https:\/\/www.siderlandet.no\/wp-content\/uploads\/2023\/02\/Siderlandet_Staende_sort.png","contentUrl":"https:\/\/www.siderlandet.no\/wp-content\/uploads\/2023\/02\/Siderlandet_Staende_sort.png","width":1867,"height":1372,"caption":"Siderlandet Norge"},"image":{"@id":"https:\/\/www.siderlandet.no\/#\/schema\/logo\/image\/"},"sameAs":["https:\/\/www.facebook.com\/siderlandetnorge\/","https:\/\/www.instagram.com\/siderlandet\/"]},{"@type":"Person","@id":"https:\/\/www.siderlandet.no\/#\/schema\/person\/e60548950f4608f3f89e653a3abd5577","name":"elihod","image":{"@type":"ImageObject","inLanguage":"de","@id":"https:\/\/www.siderlandet.no\/#\/schema\/person\/image\/","url":"https:\/\/secure.gravatar.com\/avatar\/812fd6ef78ba901ff9f63d51859f73701da4bc84a6f8c8a3988d01c4a1ab6fa3?s=96&d=mm&r=g","contentUrl":"https:\/\/secure.gravatar.com\/avatar\/812fd6ef78ba901ff9f63d51859f73701da4bc84a6f8c8a3988d01c4a1ab6fa3?s=96&d=mm&r=g","caption":"elihod"},"sameAs":["https:\/\/www.siderlandet.no"],"url":"https:\/\/www.siderlandet.no\/de\/author\/elihod\/"}]}},"_links":{"self":[{"href":"https:\/\/www.siderlandet.no\/de\/wp-json\/wp\/v2\/posts\/726","targetHints":{"allow":["GET"]}}],"collection":[{"href":"https:\/\/www.siderlandet.no\/de\/wp-json\/wp\/v2\/posts"}],"about":[{"href":"https:\/\/www.siderlandet.no\/de\/wp-json\/wp\/v2\/types\/post"}],"author":[{"embeddable":true,"href":"https:\/\/www.siderlandet.no\/de\/wp-json\/wp\/v2\/users\/1"}],"replies":[{"embeddable":true,"href":"https:\/\/www.siderlandet.no\/de\/wp-json\/wp\/v2\/comments?post=726"}],"version-history":[{"count":19,"href":"https:\/\/www.siderlandet.no\/de\/wp-json\/wp\/v2\/posts\/726\/revisions"}],"predecessor-version":[{"id":7361,"href":"https:\/\/www.siderlandet.no\/de\/wp-json\/wp\/v2\/posts\/726\/revisions\/7361"}],"wp:featuredmedia":[{"embeddable":true,"href":"https:\/\/www.siderlandet.no\/de\/wp-json\/wp\/v2\/media\/6248"}],"wp:attachment":[{"href":"https:\/\/www.siderlandet.no\/de\/wp-json\/wp\/v2\/media?parent=726"}],"wp:term":[{"taxonomy":"category","embeddable":true,"href":"https:\/\/www.siderlandet.no\/de\/wp-json\/wp\/v2\/categories?post=726"},{"taxonomy":"post_tag","embeddable":true,"href":"https:\/\/www.siderlandet.no\/de\/wp-json\/wp\/v2\/tags?post=726"},{"taxonomy":"produktfylke-tag","embeddable":true,"href":"https:\/\/www.siderlandet.no\/de\/wp-json\/wp\/v2\/produktfylke-tag?post=726"},{"taxonomy":"produsentfylke","embeddable":true,"href":"https:\/\/www.siderlandet.no\/de\/wp-json\/wp\/v2\/produsentfylke?post=726"}],"curies":[{"name":"wp","href":"https:\/\/api.w.org\/{rel}","templated":true}]}}