{"id":6722,"date":"2024-03-06T09:55:22","date_gmt":"2024-03-06T09:55:22","guid":{"rendered":"https:\/\/www.siderlandet.no\/?p=6722"},"modified":"2024-03-07T15:02:27","modified_gmt":"2024-03-07T15:02:27","slug":"morell-natur","status":"publish","type":"post","link":"https:\/\/www.siderlandet.no\/de\/morell-natur\/","title":{"rendered":"Morell natur"},"content":{"rendered":"<h2>\n\t\tOBSTWEIN\n\t<\/h2>\n\t\t\t\t<img loading=\"lazy\" decoding=\"async\" src=\"https:\/\/www.siderlandet.no\/wp-content\/uploads\/2024\/03\/Vestavin_morell-ubg.png\" alt=\"Vestavin_morell-ubg\" itemprop=\"image\" height=\"453\" width=\"220\" title=\"Vestavin_morell-ubg\" onerror=\"this.style.display='none'\"  \/>\n<h2>\n\t\tMorell natur\n\t<\/h2>\n\tProduzent: <a href=\"https:\/\/www.siderlandet.no\/de\/vestavin\/\">Vestavin<\/a><br \/>\nVon: J\u00f8lster<br \/>\nPasst zu: Grillgerichten, gegrilltem hellem Fleisch, Ziegenk\u00e4se.<br \/>\nVerkaufsstelle: HORECA<br \/>\nFruchtweintyp: Sauerkirsche<br \/>\nAlkoholgehalt: 6 %<br \/>\nS\u00e4ure g\/l:<br \/>\nZucker g\/l:<br \/>\nPerlf\u00e4higkeit: Still\/Flach<br \/>\nOrganisch: Ja\n\t<p>Fruchtiger und saftiger Fruchtwein mit Noten von schwarzer Johannisbeere, Cranberry und roter Johannisbeere. Dunkles Burgunderrot, naturtr\u00fcb. In der Nase dunkle Beeren mit einem feinen Hauch von Tabak. Am Gaumen lebendig und frisch, mit einer animierenden S\u00e4ure und einem dezenten, charakteristischen Anklang von Himbeerkernen im Abgang. Unfiltriert und sehr trinkanimierend.<\/p>\n<h2>\n\t\t<a href=\"https:\/\/www.siderlandet.no\/de\/issider\/\" title=\"EISCIDER\" target=\"_self\" rel=\"noopener\">\n\t\tEISCIDER\n\t\t<\/a>\n\t<\/h2>\n<h2>\n\t\t<a href=\"https:\/\/www.siderlandet.no\/de\/moderne-norsk-sider\/\" title=\"SORTENREINE CIDER\" target=\"_self\" rel=\"noopener\">\n\t\tSORTENREINE CIDER\n\t\t<\/a>\n\t<\/h2>\n<h2>\n\t\t<a href=\"https:\/\/www.siderlandet.no\/de\/smakstilsatt-sider\/\" title=\"CIDER MIT ZUS\u00c4TZEN\" target=\"_self\" rel=\"noopener\">\n\t\tCIDER MIT ZUS\u00c4TZEN\n\t\t<\/a>\n\t<\/h2>","protected":false},"excerpt":{"rendered":"<p>Fruchtiger und saftiger Fruchtwein mit Noten von schwarzer Johannisbeere, Cranberry und roter Johannisbeere.<\/p>","protected":false},"author":3,"featured_media":6745,"comment_status":"closed","ping_status":"closed","sticky":false,"template":"","format":"standard","meta":{"_acf_changed":false,"footnotes":""},"categories":[565],"tags":[564,13,14,185,57,574,23,40],"produktfylke-tag":[],"produsentfylke":[],"class_list":["post-6722","post","type-post","status-publish","format-standard","has-post-thumbnail","hentry","category-fruktvin","tag-fruktvin","tag-gardsutsalg","tag-horeca","tag-moreller","tag-okologisk","tag-produkt-fra-vestavin","tag-statlig-tilvirkningsloyve","tag-villgjaer"],"acf":[],"yoast_head":"<!-- This site is optimized with the Yoast SEO plugin v25.9 - https:\/\/yoast.com\/wordpress\/plugins\/seo\/ -->\n<title>Morell natur - Siderlandet<\/title>\n<meta name=\"description\" content=\"Fruktig og saftig med innslag av solb\u00e6r, traneb\u00e6r og rips. Syrleg avslutning med svakt preg av bringeb\u00e6rfr\u00f8.\" \/>\n<meta name=\"robots\" content=\"index, follow, max-snippet:-1, max-image-preview:large, max-video-preview:-1\" \/>\n<link rel=\"canonical\" href=\"https:\/\/www.siderlandet.no\/de\/morell-natur\/\" \/>\n<meta property=\"og:locale\" content=\"de_DE\" \/>\n<meta property=\"og:type\" content=\"article\" \/>\n<meta property=\"og:title\" content=\"Morell natur - Siderlandet\" \/>\n<meta property=\"og:description\" content=\"Fruktig og saftig med innslag av solb\u00e6r, traneb\u00e6r og rips. Syrleg avslutning med svakt preg av bringeb\u00e6rfr\u00f8.\" \/>\n<meta property=\"og:url\" content=\"https:\/\/www.siderlandet.no\/de\/morell-natur\/\" \/>\n<meta property=\"og:site_name\" content=\"Siderlandet\" \/>\n<meta property=\"article:publisher\" content=\"https:\/\/www.facebook.com\/siderlandetnorge\/\" \/>\n<meta property=\"article:published_time\" content=\"2024-03-06T09:55:22+00:00\" \/>\n<meta property=\"article:modified_time\" content=\"2024-03-07T15:02:27+00:00\" \/>\n<meta property=\"og:image\" content=\"https:\/\/www.siderlandet.no\/wp-content\/uploads\/2024\/03\/Vestavin_morell-ubg.png\" \/>\n\t<meta property=\"og:image:width\" content=\"220\" \/>\n\t<meta property=\"og:image:height\" content=\"453\" \/>\n\t<meta property=\"og:image:type\" content=\"image\/png\" \/>\n<meta name=\"author\" content=\"Anette Vidnes\" \/>\n<meta name=\"twitter:card\" content=\"summary_large_image\" \/>\n<meta name=\"twitter:label1\" content=\"Verfasst von\" \/>\n\t<meta name=\"twitter:data1\" content=\"Anette Vidnes\" \/>\n\t<meta name=\"twitter:label2\" content=\"Gesch\u00e4tzte Lesezeit\" \/>\n\t<meta name=\"twitter:data2\" content=\"1\u00a0Minute\" \/>\n<script type=\"application\/ld+json\" class=\"yoast-schema-graph\">{\"@context\":\"https:\/\/schema.org\",\"@graph\":[{\"@type\":\"Article\",\"@id\":\"https:\/\/www.siderlandet.no\/morell-natur\/#article\",\"isPartOf\":{\"@id\":\"https:\/\/www.siderlandet.no\/morell-natur\/\"},\"author\":{\"name\":\"Anette Vidnes\",\"@id\":\"https:\/\/www.siderlandet.no\/#\/schema\/person\/deae290409c2f52a3d6e3123676d469e\"},\"headline\":\"Morell natur\",\"datePublished\":\"2024-03-06T09:55:22+00:00\",\"dateModified\":\"2024-03-07T15:02:27+00:00\",\"mainEntityOfPage\":{\"@id\":\"https:\/\/www.siderlandet.no\/morell-natur\/\"},\"wordCount\":76,\"publisher\":{\"@id\":\"https:\/\/www.siderlandet.no\/#organization\"},\"image\":{\"@id\":\"https:\/\/www.siderlandet.no\/morell-natur\/#primaryimage\"},\"thumbnailUrl\":\"https:\/\/www.siderlandet.no\/wp-content\/uploads\/2024\/03\/Vestavin_morell-ubg.png\",\"keywords\":[\"Fruktvin\",\"Har g\u00e5rdsutsalg\",\"HORECA\",\"Moreller\",\"\u00f8kologisk\",\"Produkt fra Vestavin\",\"Statlig tilvirkningsl\u00f8yve\",\"villgj\u00e6r\"],\"articleSection\":[\"Fruktvin\"],\"inLanguage\":\"de\"},{\"@type\":\"WebPage\",\"@id\":\"https:\/\/www.siderlandet.no\/morell-natur\/\",\"url\":\"https:\/\/www.siderlandet.no\/morell-natur\/\",\"name\":\"Morell natur - Siderlandet\",\"isPartOf\":{\"@id\":\"https:\/\/www.siderlandet.no\/#website\"},\"primaryImageOfPage\":{\"@id\":\"https:\/\/www.siderlandet.no\/morell-natur\/#primaryimage\"},\"image\":{\"@id\":\"https:\/\/www.siderlandet.no\/morell-natur\/#primaryimage\"},\"thumbnailUrl\":\"https:\/\/www.siderlandet.no\/wp-content\/uploads\/2024\/03\/Vestavin_morell-ubg.png\",\"datePublished\":\"2024-03-06T09:55:22+00:00\",\"dateModified\":\"2024-03-07T15:02:27+00:00\",\"description\":\"Fruktig og saftig med innslag av solb\u00e6r, traneb\u00e6r og rips. Syrleg avslutning med svakt preg av bringeb\u00e6rfr\u00f8.\",\"breadcrumb\":{\"@id\":\"https:\/\/www.siderlandet.no\/morell-natur\/#breadcrumb\"},\"inLanguage\":\"de\",\"potentialAction\":[{\"@type\":\"ReadAction\",\"target\":[\"https:\/\/www.siderlandet.no\/morell-natur\/\"]}]},{\"@type\":\"ImageObject\",\"inLanguage\":\"de\",\"@id\":\"https:\/\/www.siderlandet.no\/morell-natur\/#primaryimage\",\"url\":\"https:\/\/www.siderlandet.no\/wp-content\/uploads\/2024\/03\/Vestavin_morell-ubg.png\",\"contentUrl\":\"https:\/\/www.siderlandet.no\/wp-content\/uploads\/2024\/03\/Vestavin_morell-ubg.png\",\"width\":220,\"height\":453},{\"@type\":\"BreadcrumbList\",\"@id\":\"https:\/\/www.siderlandet.no\/morell-natur\/#breadcrumb\",\"itemListElement\":[{\"@type\":\"ListItem\",\"position\":1,\"name\":\"Hjem\",\"item\":\"https:\/\/www.siderlandet.no\/\"},{\"@type\":\"ListItem\",\"position\":2,\"name\":\"Morell natur\"}]},{\"@type\":\"WebSite\",\"@id\":\"https:\/\/www.siderlandet.no\/#website\",\"url\":\"https:\/\/www.siderlandet.no\/\",\"name\":\"Siderlandet Norge\",\"description\":\"All norsk sider p\u00e5 ett sted\",\"publisher\":{\"@id\":\"https:\/\/www.siderlandet.no\/#organization\"},\"potentialAction\":[{\"@type\":\"SearchAction\",\"target\":{\"@type\":\"EntryPoint\",\"urlTemplate\":\"https:\/\/www.siderlandet.no\/?s={search_term_string}\"},\"query-input\":{\"@type\":\"PropertyValueSpecification\",\"valueRequired\":true,\"valueName\":\"search_term_string\"}}],\"inLanguage\":\"de\"},{\"@type\":\"Organization\",\"@id\":\"https:\/\/www.siderlandet.no\/#organization\",\"name\":\"Siderlandet Norge\",\"url\":\"https:\/\/www.siderlandet.no\/\",\"logo\":{\"@type\":\"ImageObject\",\"inLanguage\":\"de\",\"@id\":\"https:\/\/www.siderlandet.no\/#\/schema\/logo\/image\/\",\"url\":\"https:\/\/www.siderlandet.no\/wp-content\/uploads\/2023\/02\/Siderlandet_Staende_sort.png\",\"contentUrl\":\"https:\/\/www.siderlandet.no\/wp-content\/uploads\/2023\/02\/Siderlandet_Staende_sort.png\",\"width\":1867,\"height\":1372,\"caption\":\"Siderlandet Norge\"},\"image\":{\"@id\":\"https:\/\/www.siderlandet.no\/#\/schema\/logo\/image\/\"},\"sameAs\":[\"https:\/\/www.facebook.com\/siderlandetnorge\/\",\"https:\/\/www.instagram.com\/siderlandet\/\"]},{\"@type\":\"Person\",\"@id\":\"https:\/\/www.siderlandet.no\/#\/schema\/person\/deae290409c2f52a3d6e3123676d469e\",\"name\":\"Anette Vidnes\",\"image\":{\"@type\":\"ImageObject\",\"inLanguage\":\"de\",\"@id\":\"https:\/\/www.siderlandet.no\/#\/schema\/person\/image\/\",\"url\":\"https:\/\/secure.gravatar.com\/avatar\/8682b50fcd60ec79a5bfcecdccdacabfeacd709f221ceabcacdfc87c4d8bdea7?s=96&d=mm&r=g\",\"contentUrl\":\"https:\/\/secure.gravatar.com\/avatar\/8682b50fcd60ec79a5bfcecdccdacabfeacd709f221ceabcacdfc87c4d8bdea7?s=96&d=mm&r=g\",\"caption\":\"Anette Vidnes\"},\"url\":\"https:\/\/www.siderlandet.no\/de\/author\/anette\/\"}]}<\/script>\n<!-- \/ Yoast SEO plugin. -->","yoast_head_json":{"title":"Morell natur - Siderlandet","description":"Fruchtiger und saftiger Fruchtwein mit Noten von schwarzer Johannisbeere, Cranberry und roter Johannisbeere.","robots":{"index":"index","follow":"follow","max-snippet":"max-snippet:-1","max-image-preview":"max-image-preview:large","max-video-preview":"max-video-preview:-1"},"canonical":"https:\/\/www.siderlandet.no\/de\/morell-natur\/","og_locale":"de_DE","og_type":"article","og_title":"Morell natur - Siderlandet","og_description":"Fruktig og saftig med innslag av solb\u00e6r, traneb\u00e6r og rips. Syrleg avslutning med svakt preg av bringeb\u00e6rfr\u00f8.","og_url":"https:\/\/www.siderlandet.no\/de\/morell-natur\/","og_site_name":"Siderlandet","article_publisher":"https:\/\/www.facebook.com\/siderlandetnorge\/","article_published_time":"2024-03-06T09:55:22+00:00","article_modified_time":"2024-03-07T15:02:27+00:00","og_image":[{"width":220,"height":453,"url":"https:\/\/www.siderlandet.no\/wp-content\/uploads\/2024\/03\/Vestavin_morell-ubg.png","type":"image\/png"}],"author":"Anette Vidnes","twitter_card":"summary_large_image","twitter_misc":{"Verfasst von":"Anette Vidnes","Gesch\u00e4tzte Lesezeit":"1\u00a0Minute"},"schema":{"@context":"https:\/\/schema.org","@graph":[{"@type":"Article","@id":"https:\/\/www.siderlandet.no\/morell-natur\/#article","isPartOf":{"@id":"https:\/\/www.siderlandet.no\/morell-natur\/"},"author":{"name":"Anette Vidnes","@id":"https:\/\/www.siderlandet.no\/#\/schema\/person\/deae290409c2f52a3d6e3123676d469e"},"headline":"Morell natur","datePublished":"2024-03-06T09:55:22+00:00","dateModified":"2024-03-07T15:02:27+00:00","mainEntityOfPage":{"@id":"https:\/\/www.siderlandet.no\/morell-natur\/"},"wordCount":76,"publisher":{"@id":"https:\/\/www.siderlandet.no\/#organization"},"image":{"@id":"https:\/\/www.siderlandet.no\/morell-natur\/#primaryimage"},"thumbnailUrl":"https:\/\/www.siderlandet.no\/wp-content\/uploads\/2024\/03\/Vestavin_morell-ubg.png","keywords":["Fruktvin","Har g\u00e5rdsutsalg","HORECA","Moreller","\u00f8kologisk","Produkt fra Vestavin","Statlig tilvirkningsl\u00f8yve","villgj\u00e6r"],"articleSection":["Fruktvin"],"inLanguage":"de"},{"@type":"WebPage","@id":"https:\/\/www.siderlandet.no\/morell-natur\/","url":"https:\/\/www.siderlandet.no\/morell-natur\/","name":"Morell natur - Siderlandet","isPartOf":{"@id":"https:\/\/www.siderlandet.no\/#website"},"primaryImageOfPage":{"@id":"https:\/\/www.siderlandet.no\/morell-natur\/#primaryimage"},"image":{"@id":"https:\/\/www.siderlandet.no\/morell-natur\/#primaryimage"},"thumbnailUrl":"https:\/\/www.siderlandet.no\/wp-content\/uploads\/2024\/03\/Vestavin_morell-ubg.png","datePublished":"2024-03-06T09:55:22+00:00","dateModified":"2024-03-07T15:02:27+00:00","description":"Fruchtiger und saftiger Fruchtwein mit Noten von schwarzer Johannisbeere, Cranberry und roter Johannisbeere.","breadcrumb":{"@id":"https:\/\/www.siderlandet.no\/morell-natur\/#breadcrumb"},"inLanguage":"de","potentialAction":[{"@type":"ReadAction","target":["https:\/\/www.siderlandet.no\/morell-natur\/"]}]},{"@type":"ImageObject","inLanguage":"de","@id":"https:\/\/www.siderlandet.no\/morell-natur\/#primaryimage","url":"https:\/\/www.siderlandet.no\/wp-content\/uploads\/2024\/03\/Vestavin_morell-ubg.png","contentUrl":"https:\/\/www.siderlandet.no\/wp-content\/uploads\/2024\/03\/Vestavin_morell-ubg.png","width":220,"height":453},{"@type":"BreadcrumbList","@id":"https:\/\/www.siderlandet.no\/morell-natur\/#breadcrumb","itemListElement":[{"@type":"ListItem","position":1,"name":"Hjem","item":"https:\/\/www.siderlandet.no\/"},{"@type":"ListItem","position":2,"name":"Morell natur"}]},{"@type":"WebSite","@id":"https:\/\/www.siderlandet.no\/#website","url":"https:\/\/www.siderlandet.no\/","name":"Siderlandet Norge","description":"Alle norwegischen Seiten an einem Ort","publisher":{"@id":"https:\/\/www.siderlandet.no\/#organization"},"potentialAction":[{"@type":"SearchAction","target":{"@type":"EntryPoint","urlTemplate":"https:\/\/www.siderlandet.no\/?s={search_term_string}"},"query-input":{"@type":"PropertyValueSpecification","valueRequired":true,"valueName":"search_term_string"}}],"inLanguage":"de"},{"@type":"Organization","@id":"https:\/\/www.siderlandet.no\/#organization","name":"Siderlandet Norge","url":"https:\/\/www.siderlandet.no\/","logo":{"@type":"ImageObject","inLanguage":"de","@id":"https:\/\/www.siderlandet.no\/#\/schema\/logo\/image\/","url":"https:\/\/www.siderlandet.no\/wp-content\/uploads\/2023\/02\/Siderlandet_Staende_sort.png","contentUrl":"https:\/\/www.siderlandet.no\/wp-content\/uploads\/2023\/02\/Siderlandet_Staende_sort.png","width":1867,"height":1372,"caption":"Siderlandet Norge"},"image":{"@id":"https:\/\/www.siderlandet.no\/#\/schema\/logo\/image\/"},"sameAs":["https:\/\/www.facebook.com\/siderlandetnorge\/","https:\/\/www.instagram.com\/siderlandet\/"]},{"@type":"Person","@id":"https:\/\/www.siderlandet.no\/#\/schema\/person\/deae290409c2f52a3d6e3123676d469e","name":"Anette Vidnes","image":{"@type":"ImageObject","inLanguage":"de","@id":"https:\/\/www.siderlandet.no\/#\/schema\/person\/image\/","url":"https:\/\/secure.gravatar.com\/avatar\/8682b50fcd60ec79a5bfcecdccdacabfeacd709f221ceabcacdfc87c4d8bdea7?s=96&d=mm&r=g","contentUrl":"https:\/\/secure.gravatar.com\/avatar\/8682b50fcd60ec79a5bfcecdccdacabfeacd709f221ceabcacdfc87c4d8bdea7?s=96&d=mm&r=g","caption":"Anette Vidnes"},"url":"https:\/\/www.siderlandet.no\/de\/author\/anette\/"}]}},"_links":{"self":[{"href":"https:\/\/www.siderlandet.no\/de\/wp-json\/wp\/v2\/posts\/6722","targetHints":{"allow":["GET"]}}],"collection":[{"href":"https:\/\/www.siderlandet.no\/de\/wp-json\/wp\/v2\/posts"}],"about":[{"href":"https:\/\/www.siderlandet.no\/de\/wp-json\/wp\/v2\/types\/post"}],"author":[{"embeddable":true,"href":"https:\/\/www.siderlandet.no\/de\/wp-json\/wp\/v2\/users\/3"}],"replies":[{"embeddable":true,"href":"https:\/\/www.siderlandet.no\/de\/wp-json\/wp\/v2\/comments?post=6722"}],"version-history":[{"count":5,"href":"https:\/\/www.siderlandet.no\/de\/wp-json\/wp\/v2\/posts\/6722\/revisions"}],"predecessor-version":[{"id":6784,"href":"https:\/\/www.siderlandet.no\/de\/wp-json\/wp\/v2\/posts\/6722\/revisions\/6784"}],"wp:featuredmedia":[{"embeddable":true,"href":"https:\/\/www.siderlandet.no\/de\/wp-json\/wp\/v2\/media\/6745"}],"wp:attachment":[{"href":"https:\/\/www.siderlandet.no\/de\/wp-json\/wp\/v2\/media?parent=6722"}],"wp:term":[{"taxonomy":"category","embeddable":true,"href":"https:\/\/www.siderlandet.no\/de\/wp-json\/wp\/v2\/categories?post=6722"},{"taxonomy":"post_tag","embeddable":true,"href":"https:\/\/www.siderlandet.no\/de\/wp-json\/wp\/v2\/tags?post=6722"},{"taxonomy":"produktfylke-tag","embeddable":true,"href":"https:\/\/www.siderlandet.no\/de\/wp-json\/wp\/v2\/produktfylke-tag?post=6722"},{"taxonomy":"produsentfylke","embeddable":true,"href":"https:\/\/www.siderlandet.no\/de\/wp-json\/wp\/v2\/produsentfylke?post=6722"}],"curies":[{"name":"wp","href":"https:\/\/api.w.org\/{rel}","templated":true}]}}