{"id":1746,"date":"2022-04-26T09:07:20","date_gmt":"2022-04-26T09:07:20","guid":{"rendered":"https:\/\/www.siderlandet.no\/?p=1746"},"modified":"2025-09-23T20:56:34","modified_gmt":"2025-09-23T20:56:34","slug":"bugarden","status":"publish","type":"post","link":"https:\/\/www.siderlandet.no\/de\/bugarden\/","title":{"rendered":"Bugarden"},"content":{"rendered":"<h2>\n\t\tBUGARDEN\n\t<\/h2>\n\t<p>Bugarden liegt im Herzen des \u00fcppigen Sol\u00f8r, einer der gr\u00f6\u00dften landwirtschaftlichen Regionen Norwegens, bekannt f\u00fcr den Anbau von Getreide und Kartoffeln. Der Hof wurde 1947 gegr\u00fcndet und wird heute von Ole Albert Eig gef\u00fchrt.\nDie Weinherstellung hat hier eine lange Tradition: Schon in den 1940er- und 1950er-Jahren stellten meine Gro\u00dfeltern ihren eigenen Wein her. Im Herbst 2015 begannen wir mit ersten, einfachen Versuchen in der Weinherstellung \u2013 ein Weg, der sich inzwischen zu einer professionellen Wein- und Ciderproduktion entwickelt hat. Neben dem Anbau eigener \u00c4pfel nehmen wir im Herbst auch Beeren von anderen Produzenten an. Heute umfasst unser Obstgarten 600 Apfelb\u00e4ume mit insgesamt 19 verschiedenen Sorten.<\/p>\n\t<img decoding=\"async\" src=\"&#8217;[wpbb\" alt=\"Produsent logo 2\" style=\"border: 0\" \/>&#8216; producer_url=&#8217;&#8216;]\n\t<button style=\"background-color: #eb3b41; border: none;\" onclick=\"window.location.href=''\">&#8216;\n]\n[trp_language language=\"nb_NO\"] \nProdukter fra [wpbb post:title]\n[\/trp_language]\n[trp_language language=\"en_US\"] \nProducts from [wpbb post:title]\n[\/trp_language]\n[trp_language language=\"de_DE\"] \nProdukte von [wpbb post:title]\n[\/trp_language]\n<\/button>\n\t<p><strong>\u00d6FFNUNGSZEITEN ABHOFSVERKAUF:<\/strong><\/p>\n<p>Ta kontakt for \u00e5pningstider<\/p>\n\t<p><strong>Kontaktinformationen: <\/strong><\/p>\nAdresse: Gamle Knappumsveg 91<br \/>\n2270 Fliese<br \/>\nKontaktperson: Ole Albert Eig\n<p>Telefon: +47 909 64 877<\/p>\n\t<a href=\"https:\/\/maps.google.com\/?q=\">In Google Maps \u00f6ffnen \u29c9<\/a>","protected":false},"excerpt":{"rendered":"<p>Der Bauernhof Bugarden liegt mitten in der fruchtbaren Landschaft Sol\u00f8r, welches das gr\u00f6\u00dfte Anbaugebiet f\u00fcr Getreide und Kartoffeln in Norwegen ist. Bugarden wurde 1947 gegr\u00fcndet. Heute bewirtschaftet Ole Albert Eig den Hof und der Betrieb besteht aus Obst- und Beerenanbau, Gras- und Kraftfutterproduktion.<\/p>","protected":false},"author":3,"featured_media":6231,"comment_status":"closed","ping_status":"closed","sticky":false,"template":"tpl-full-width.php","format":"standard","meta":{"_acf_changed":false,"footnotes":""},"categories":[42],"tags":[209,22,127,504,505],"produktfylke-tag":[],"produsentfylke":[611],"class_list":["post-1746","post","type-post","status-publish","format-standard","has-post-thumbnail","hentry","category-produsent","tag-besoksgard","tag-kommunal-tilvirkningsloyve","tag-produsent-med-gardsutsalg","tag-produsentflisa","tag-produsentinnlandet","produsentfylke-innlandet"],"acf":[],"yoast_head":"<!-- This site is optimized with the Yoast SEO plugin v25.9 - https:\/\/yoast.com\/wordpress\/plugins\/seo\/ -->\n<title>Bugarden - Siderlandet<\/title>\n<meta name=\"description\" content=\"Bugarden ligger midt i frodige Sol\u00f8r som er et av de st\u00f8rste omr\u00e5dene i Norge for korn og poteter. Bugarden ble etablert i 1947. I dag er det Ole Albert Eig som driver g\u00e5rden og driften er basert p\u00e5 frukt, b\u00e6r, gress og kraftproduksjon.\" \/>\n<meta name=\"robots\" content=\"index, follow, max-snippet:-1, max-image-preview:large, max-video-preview:-1\" \/>\n<link rel=\"canonical\" href=\"https:\/\/www.siderlandet.no\/de\/bugarden\/\" \/>\n<meta property=\"og:locale\" content=\"de_DE\" \/>\n<meta property=\"og:type\" content=\"article\" \/>\n<meta property=\"og:title\" content=\"Bugarden - Siderlandet\" \/>\n<meta property=\"og:description\" content=\"Bugarden ligger midt i frodige Sol\u00f8r som er et av de st\u00f8rste omr\u00e5dene i Norge for korn og poteter. Bugarden ble etablert i 1947. I dag er det Ole Albert Eig som driver g\u00e5rden og driften er basert p\u00e5 frukt, b\u00e6r, gress og kraftproduksjon.\" \/>\n<meta property=\"og:url\" content=\"https:\/\/www.siderlandet.no\/de\/bugarden\/\" \/>\n<meta property=\"og:site_name\" content=\"Siderlandet\" \/>\n<meta property=\"article:publisher\" content=\"https:\/\/www.facebook.com\/siderlandetnorge\/\" \/>\n<meta property=\"article:published_time\" content=\"2022-04-26T09:07:20+00:00\" \/>\n<meta property=\"article:modified_time\" content=\"2025-09-23T20:56:34+00:00\" \/>\n<meta property=\"og:image\" content=\"https:\/\/www.siderlandet.no\/wp-content\/uploads\/2022\/04\/Bugarden-2.jpg\" \/>\n\t<meta property=\"og:image:width\" content=\"719\" \/>\n\t<meta property=\"og:image:height\" content=\"495\" \/>\n\t<meta property=\"og:image:type\" content=\"image\/jpeg\" \/>\n<meta name=\"author\" content=\"Anette Vidnes\" \/>\n<meta name=\"twitter:card\" content=\"summary_large_image\" \/>\n<meta name=\"twitter:label1\" content=\"Verfasst von\" \/>\n\t<meta name=\"twitter:data1\" content=\"Anette Vidnes\" \/>\n\t<meta name=\"twitter:label2\" content=\"Gesch\u00e4tzte Lesezeit\" \/>\n\t<meta name=\"twitter:data2\" content=\"1\u00a0Minute\" \/>\n<script type=\"application\/ld+json\" class=\"yoast-schema-graph\">{\"@context\":\"https:\/\/schema.org\",\"@graph\":[{\"@type\":\"Article\",\"@id\":\"https:\/\/www.siderlandet.no\/bugarden\/#article\",\"isPartOf\":{\"@id\":\"https:\/\/www.siderlandet.no\/bugarden\/\"},\"author\":{\"name\":\"Anette Vidnes\",\"@id\":\"https:\/\/www.siderlandet.no\/#\/schema\/person\/deae290409c2f52a3d6e3123676d469e\"},\"headline\":\"Bugarden\",\"datePublished\":\"2022-04-26T09:07:20+00:00\",\"dateModified\":\"2025-09-23T20:56:34+00:00\",\"mainEntityOfPage\":{\"@id\":\"https:\/\/www.siderlandet.no\/bugarden\/\"},\"wordCount\":171,\"publisher\":{\"@id\":\"https:\/\/www.siderlandet.no\/#organization\"},\"image\":{\"@id\":\"https:\/\/www.siderlandet.no\/bugarden\/#primaryimage\"},\"thumbnailUrl\":\"https:\/\/www.siderlandet.no\/wp-content\/uploads\/2022\/04\/Bugarden-2.jpg\",\"keywords\":[\"Bes\u00f8ksg\u00e5rd\",\"Har kommunal tilvirkningsl\u00f8yve\",\"produsent med g\u00e5rdsutsalg\",\"ProdusentFlisa\",\"ProdusentInnlandet\"],\"articleSection\":[\"Produsent\"],\"inLanguage\":\"de\"},{\"@type\":\"WebPage\",\"@id\":\"https:\/\/www.siderlandet.no\/bugarden\/\",\"url\":\"https:\/\/www.siderlandet.no\/bugarden\/\",\"name\":\"Bugarden - Siderlandet\",\"isPartOf\":{\"@id\":\"https:\/\/www.siderlandet.no\/#website\"},\"primaryImageOfPage\":{\"@id\":\"https:\/\/www.siderlandet.no\/bugarden\/#primaryimage\"},\"image\":{\"@id\":\"https:\/\/www.siderlandet.no\/bugarden\/#primaryimage\"},\"thumbnailUrl\":\"https:\/\/www.siderlandet.no\/wp-content\/uploads\/2022\/04\/Bugarden-2.jpg\",\"datePublished\":\"2022-04-26T09:07:20+00:00\",\"dateModified\":\"2025-09-23T20:56:34+00:00\",\"description\":\"Bugarden ligger midt i frodige Sol\u00f8r som er et av de st\u00f8rste omr\u00e5dene i Norge for korn og poteter. Bugarden ble etablert i 1947. I dag er det Ole Albert Eig som driver g\u00e5rden og driften er basert p\u00e5 frukt, b\u00e6r, gress og kraftproduksjon.\",\"breadcrumb\":{\"@id\":\"https:\/\/www.siderlandet.no\/bugarden\/#breadcrumb\"},\"inLanguage\":\"de\",\"potentialAction\":[{\"@type\":\"ReadAction\",\"target\":[\"https:\/\/www.siderlandet.no\/bugarden\/\"]}]},{\"@type\":\"ImageObject\",\"inLanguage\":\"de\",\"@id\":\"https:\/\/www.siderlandet.no\/bugarden\/#primaryimage\",\"url\":\"https:\/\/www.siderlandet.no\/wp-content\/uploads\/2022\/04\/Bugarden-2.jpg\",\"contentUrl\":\"https:\/\/www.siderlandet.no\/wp-content\/uploads\/2022\/04\/Bugarden-2.jpg\",\"width\":719,\"height\":495},{\"@type\":\"BreadcrumbList\",\"@id\":\"https:\/\/www.siderlandet.no\/bugarden\/#breadcrumb\",\"itemListElement\":[{\"@type\":\"ListItem\",\"position\":1,\"name\":\"Hjem\",\"item\":\"https:\/\/www.siderlandet.no\/\"},{\"@type\":\"ListItem\",\"position\":2,\"name\":\"Bugarden\"}]},{\"@type\":\"WebSite\",\"@id\":\"https:\/\/www.siderlandet.no\/#website\",\"url\":\"https:\/\/www.siderlandet.no\/\",\"name\":\"Siderlandet Norge\",\"description\":\"All norsk sider p\u00e5 ett sted\",\"publisher\":{\"@id\":\"https:\/\/www.siderlandet.no\/#organization\"},\"potentialAction\":[{\"@type\":\"SearchAction\",\"target\":{\"@type\":\"EntryPoint\",\"urlTemplate\":\"https:\/\/www.siderlandet.no\/?s={search_term_string}\"},\"query-input\":{\"@type\":\"PropertyValueSpecification\",\"valueRequired\":true,\"valueName\":\"search_term_string\"}}],\"inLanguage\":\"de\"},{\"@type\":\"Organization\",\"@id\":\"https:\/\/www.siderlandet.no\/#organization\",\"name\":\"Siderlandet Norge\",\"url\":\"https:\/\/www.siderlandet.no\/\",\"logo\":{\"@type\":\"ImageObject\",\"inLanguage\":\"de\",\"@id\":\"https:\/\/www.siderlandet.no\/#\/schema\/logo\/image\/\",\"url\":\"https:\/\/www.siderlandet.no\/wp-content\/uploads\/2023\/02\/Siderlandet_Staende_sort.png\",\"contentUrl\":\"https:\/\/www.siderlandet.no\/wp-content\/uploads\/2023\/02\/Siderlandet_Staende_sort.png\",\"width\":1867,\"height\":1372,\"caption\":\"Siderlandet Norge\"},\"image\":{\"@id\":\"https:\/\/www.siderlandet.no\/#\/schema\/logo\/image\/\"},\"sameAs\":[\"https:\/\/www.facebook.com\/siderlandetnorge\/\",\"https:\/\/www.instagram.com\/siderlandet\/\"]},{\"@type\":\"Person\",\"@id\":\"https:\/\/www.siderlandet.no\/#\/schema\/person\/deae290409c2f52a3d6e3123676d469e\",\"name\":\"Anette Vidnes\",\"image\":{\"@type\":\"ImageObject\",\"inLanguage\":\"de\",\"@id\":\"https:\/\/www.siderlandet.no\/#\/schema\/person\/image\/\",\"url\":\"https:\/\/secure.gravatar.com\/avatar\/8682b50fcd60ec79a5bfcecdccdacabfeacd709f221ceabcacdfc87c4d8bdea7?s=96&d=mm&r=g\",\"contentUrl\":\"https:\/\/secure.gravatar.com\/avatar\/8682b50fcd60ec79a5bfcecdccdacabfeacd709f221ceabcacdfc87c4d8bdea7?s=96&d=mm&r=g\",\"caption\":\"Anette Vidnes\"},\"url\":\"https:\/\/www.siderlandet.no\/de\/author\/anette\/\"}]}<\/script>\n<!-- \/ Yoast SEO plugin. -->","yoast_head_json":{"title":"Bugarden - Siderlandet","description":"Bugarden ligger midt i frodige Sol\u00f8r som er et av de st\u00f8rste omr\u00e5dene i Norge for korn og poteter. Bugarden ble etablert i 1947. I dag er det Ole Albert Eig som driver g\u00e5rden og driften er basert p\u00e5 frukt, b\u00e6r, gress og kraftproduksjon.","robots":{"index":"index","follow":"follow","max-snippet":"max-snippet:-1","max-image-preview":"max-image-preview:large","max-video-preview":"max-video-preview:-1"},"canonical":"https:\/\/www.siderlandet.no\/de\/bugarden\/","og_locale":"de_DE","og_type":"article","og_title":"Bugarden - Siderlandet","og_description":"Bugarden ligger midt i frodige Sol\u00f8r som er et av de st\u00f8rste omr\u00e5dene i Norge for korn og poteter. Bugarden ble etablert i 1947. I dag er det Ole Albert Eig som driver g\u00e5rden og driften er basert p\u00e5 frukt, b\u00e6r, gress og kraftproduksjon.","og_url":"https:\/\/www.siderlandet.no\/de\/bugarden\/","og_site_name":"Siderlandet","article_publisher":"https:\/\/www.facebook.com\/siderlandetnorge\/","article_published_time":"2022-04-26T09:07:20+00:00","article_modified_time":"2025-09-23T20:56:34+00:00","og_image":[{"width":719,"height":495,"url":"https:\/\/www.siderlandet.no\/wp-content\/uploads\/2022\/04\/Bugarden-2.jpg","type":"image\/jpeg"}],"author":"Anette Vidnes","twitter_card":"summary_large_image","twitter_misc":{"Verfasst von":"Anette Vidnes","Gesch\u00e4tzte Lesezeit":"1\u00a0Minute"},"schema":{"@context":"https:\/\/schema.org","@graph":[{"@type":"Article","@id":"https:\/\/www.siderlandet.no\/bugarden\/#article","isPartOf":{"@id":"https:\/\/www.siderlandet.no\/bugarden\/"},"author":{"name":"Anette Vidnes","@id":"https:\/\/www.siderlandet.no\/#\/schema\/person\/deae290409c2f52a3d6e3123676d469e"},"headline":"Bugarden","datePublished":"2022-04-26T09:07:20+00:00","dateModified":"2025-09-23T20:56:34+00:00","mainEntityOfPage":{"@id":"https:\/\/www.siderlandet.no\/bugarden\/"},"wordCount":171,"publisher":{"@id":"https:\/\/www.siderlandet.no\/#organization"},"image":{"@id":"https:\/\/www.siderlandet.no\/bugarden\/#primaryimage"},"thumbnailUrl":"https:\/\/www.siderlandet.no\/wp-content\/uploads\/2022\/04\/Bugarden-2.jpg","keywords":["Bes\u00f8ksg\u00e5rd","Har kommunal tilvirkningsl\u00f8yve","produsent med g\u00e5rdsutsalg","ProdusentFlisa","ProdusentInnlandet"],"articleSection":["Produsent"],"inLanguage":"de"},{"@type":"WebPage","@id":"https:\/\/www.siderlandet.no\/bugarden\/","url":"https:\/\/www.siderlandet.no\/bugarden\/","name":"Bugarden - Siderlandet","isPartOf":{"@id":"https:\/\/www.siderlandet.no\/#website"},"primaryImageOfPage":{"@id":"https:\/\/www.siderlandet.no\/bugarden\/#primaryimage"},"image":{"@id":"https:\/\/www.siderlandet.no\/bugarden\/#primaryimage"},"thumbnailUrl":"https:\/\/www.siderlandet.no\/wp-content\/uploads\/2022\/04\/Bugarden-2.jpg","datePublished":"2022-04-26T09:07:20+00:00","dateModified":"2025-09-23T20:56:34+00:00","description":"Bugarden ligger midt i frodige Sol\u00f8r som er et av de st\u00f8rste omr\u00e5dene i Norge for korn og poteter. Bugarden ble etablert i 1947. I dag er det Ole Albert Eig som driver g\u00e5rden og driften er basert p\u00e5 frukt, b\u00e6r, gress og kraftproduksjon.","breadcrumb":{"@id":"https:\/\/www.siderlandet.no\/bugarden\/#breadcrumb"},"inLanguage":"de","potentialAction":[{"@type":"ReadAction","target":["https:\/\/www.siderlandet.no\/bugarden\/"]}]},{"@type":"ImageObject","inLanguage":"de","@id":"https:\/\/www.siderlandet.no\/bugarden\/#primaryimage","url":"https:\/\/www.siderlandet.no\/wp-content\/uploads\/2022\/04\/Bugarden-2.jpg","contentUrl":"https:\/\/www.siderlandet.no\/wp-content\/uploads\/2022\/04\/Bugarden-2.jpg","width":719,"height":495},{"@type":"BreadcrumbList","@id":"https:\/\/www.siderlandet.no\/bugarden\/#breadcrumb","itemListElement":[{"@type":"ListItem","position":1,"name":"Hjem","item":"https:\/\/www.siderlandet.no\/"},{"@type":"ListItem","position":2,"name":"Bugarden"}]},{"@type":"WebSite","@id":"https:\/\/www.siderlandet.no\/#website","url":"https:\/\/www.siderlandet.no\/","name":"Siderlandet Norge","description":"Alle norwegischen Seiten an einem Ort","publisher":{"@id":"https:\/\/www.siderlandet.no\/#organization"},"potentialAction":[{"@type":"SearchAction","target":{"@type":"EntryPoint","urlTemplate":"https:\/\/www.siderlandet.no\/?s={search_term_string}"},"query-input":{"@type":"PropertyValueSpecification","valueRequired":true,"valueName":"search_term_string"}}],"inLanguage":"de"},{"@type":"Organization","@id":"https:\/\/www.siderlandet.no\/#organization","name":"Siderlandet Norge","url":"https:\/\/www.siderlandet.no\/","logo":{"@type":"ImageObject","inLanguage":"de","@id":"https:\/\/www.siderlandet.no\/#\/schema\/logo\/image\/","url":"https:\/\/www.siderlandet.no\/wp-content\/uploads\/2023\/02\/Siderlandet_Staende_sort.png","contentUrl":"https:\/\/www.siderlandet.no\/wp-content\/uploads\/2023\/02\/Siderlandet_Staende_sort.png","width":1867,"height":1372,"caption":"Siderlandet Norge"},"image":{"@id":"https:\/\/www.siderlandet.no\/#\/schema\/logo\/image\/"},"sameAs":["https:\/\/www.facebook.com\/siderlandetnorge\/","https:\/\/www.instagram.com\/siderlandet\/"]},{"@type":"Person","@id":"https:\/\/www.siderlandet.no\/#\/schema\/person\/deae290409c2f52a3d6e3123676d469e","name":"Anette Vidnes","image":{"@type":"ImageObject","inLanguage":"de","@id":"https:\/\/www.siderlandet.no\/#\/schema\/person\/image\/","url":"https:\/\/secure.gravatar.com\/avatar\/8682b50fcd60ec79a5bfcecdccdacabfeacd709f221ceabcacdfc87c4d8bdea7?s=96&d=mm&r=g","contentUrl":"https:\/\/secure.gravatar.com\/avatar\/8682b50fcd60ec79a5bfcecdccdacabfeacd709f221ceabcacdfc87c4d8bdea7?s=96&d=mm&r=g","caption":"Anette Vidnes"},"url":"https:\/\/www.siderlandet.no\/de\/author\/anette\/"}]}},"_links":{"self":[{"href":"https:\/\/www.siderlandet.no\/de\/wp-json\/wp\/v2\/posts\/1746","targetHints":{"allow":["GET"]}}],"collection":[{"href":"https:\/\/www.siderlandet.no\/de\/wp-json\/wp\/v2\/posts"}],"about":[{"href":"https:\/\/www.siderlandet.no\/de\/wp-json\/wp\/v2\/types\/post"}],"author":[{"embeddable":true,"href":"https:\/\/www.siderlandet.no\/de\/wp-json\/wp\/v2\/users\/3"}],"replies":[{"embeddable":true,"href":"https:\/\/www.siderlandet.no\/de\/wp-json\/wp\/v2\/comments?post=1746"}],"version-history":[{"count":25,"href":"https:\/\/www.siderlandet.no\/de\/wp-json\/wp\/v2\/posts\/1746\/revisions"}],"predecessor-version":[{"id":7255,"href":"https:\/\/www.siderlandet.no\/de\/wp-json\/wp\/v2\/posts\/1746\/revisions\/7255"}],"wp:featuredmedia":[{"embeddable":true,"href":"https:\/\/www.siderlandet.no\/de\/wp-json\/wp\/v2\/media\/6231"}],"wp:attachment":[{"href":"https:\/\/www.siderlandet.no\/de\/wp-json\/wp\/v2\/media?parent=1746"}],"wp:term":[{"taxonomy":"category","embeddable":true,"href":"https:\/\/www.siderlandet.no\/de\/wp-json\/wp\/v2\/categories?post=1746"},{"taxonomy":"post_tag","embeddable":true,"href":"https:\/\/www.siderlandet.no\/de\/wp-json\/wp\/v2\/tags?post=1746"},{"taxonomy":"produktfylke-tag","embeddable":true,"href":"https:\/\/www.siderlandet.no\/de\/wp-json\/wp\/v2\/produktfylke-tag?post=1746"},{"taxonomy":"produsentfylke","embeddable":true,"href":"https:\/\/www.siderlandet.no\/de\/wp-json\/wp\/v2\/produsentfylke?post=1746"}],"curies":[{"name":"wp","href":"https:\/\/api.w.org\/{rel}","templated":true}]}}