{"id":1340,"date":"2022-04-15T10:06:52","date_gmt":"2022-04-15T10:06:52","guid":{"rendered":"https:\/\/www.siderlandet.no\/?p=1340"},"modified":"2025-09-23T20:57:34","modified_gmt":"2025-09-23T20:57:34","slug":"lien-gard","status":"publish","type":"post","link":"https:\/\/www.siderlandet.no\/de\/lien-gard\/","title":{"rendered":"Lien G\u00e5rd"},"content":{"rendered":"<h2>\n\t\tLIEN G\u00c5RD\n\t<\/h2>\n\t<p>Wir ernten Obst und Beeren aus unserem eigenen Garten. \u00c4pfel von ausgezeichneter Qualit\u00e4t und mit genau dem richtigen Geschmack, sowie Beeren in ihren saftigen Farben. Das Obst wird sortiert, zerkleinert und zu reinem Apfelsaft gepresst. Der Apfelsaft reift \u00fcber den Winter zu einem herrlichen und geschmacksintensiven Apfelschaumwein an. <br><br>2019 besuchten wir einen Kurs in der Region Hardanger zum Thema Ciderbereitung. Mit dem Traum, unseren eigenen Cider herzustellen, kamen wir zur\u00fcck auf unseren Bauernhof. Im gleichen Jahr starteten wir die ersten Testversuche. Ein Jahr sp\u00e4ter konnten wir schon die ersten Flaschen verkaufen. Lassen Sie sich auch gerne von unseren Sorten, die mit Beeren verfeinert wurden, verzaubern.<\/p>\n\t<img decoding=\"async\" src=\"&#8217;[wpbb\" alt=\"Produsent logo 2\" style=\"border: 0\" \/>&#8216; producer_url=&#8217;&#8216;]\n\t<button style=\"background-color: #eb3b41; border: none;\" onclick=\"window.location.href=''\">&#8216;\n]\n[trp_language language=\"nb_NO\"] \nProdukter fra [wpbb post:title]\n[\/trp_language]\n[trp_language language=\"en_US\"] \nProducts from [wpbb post:title]\n[\/trp_language]\n[trp_language language=\"de_DE\"] \nProdukte von [wpbb post:title]\n[\/trp_language]\n<\/button>\n\t<p><strong>\u00d6FFNUNGSZEITEN ABHOFSVERKAUF:<\/strong><\/p>\n<p>\u00c5pent fra uke 26 &#8211; 34 ellers etter avtale<\/p>\n\t<p><strong>Kontaktinformationen: <\/strong><\/p>\nAdresse: Liagrendvegen 262<br \/>\n3812 Akkerhaugen<br \/>\nAnsprechpartner: Linda Renate und Arild Hellek\u00e5s<br \/>\nTelefon: +47 95430042\n\t<a href=\"https:\/\/maps.google.com\/?q=\">In Google Maps \u00f6ffnen \u29c9<\/a>","protected":false},"excerpt":{"rendered":"<p>Wir ernten Obst und Beeren aus unserem eigenen Garten. \u00c4pfel von ausgezeichneter Qualit\u00e4t und mit genau dem richtigen Geschmack, sowie Beeren in ihren saftigen Farben. Das Obst wird sortiert, zerkleinert und zu reinem Apfelsaft gepresst. Der Apfelsaft reift \u00fcber den Winter zu einem herrlichen und geschmacksintensiven Apfelschaumwein an.<\/p>","protected":false},"author":1,"featured_media":6470,"comment_status":"closed","ping_status":"closed","sticky":false,"template":"tpl-full-width.php","format":"standard","meta":{"_acf_changed":false,"footnotes":""},"categories":[42],"tags":[13,14,41,127,507],"produktfylke-tag":[],"produsentfylke":[614],"class_list":["post-1340","post","type-post","status-publish","format-standard","has-post-thumbnail","hentry","category-produsent","tag-gardsutsalg","tag-horeca","tag-vinmonopolet","tag-produsent-med-gardsutsalg","tag-produsenttelemark","produsentfylke-telemark"],"acf":[],"yoast_head":"<!-- This site is optimized with the Yoast SEO plugin v25.9 - https:\/\/yoast.com\/wordpress\/plugins\/seo\/ -->\n<title>Lien G\u00e5rd - Siderlandet<\/title>\n<meta name=\"description\" content=\"Vi h\u00f8ster og sanker frukt og b\u00e6r fra egen hage. Epler av ypperste kvalitet med de rette smakene og b\u00e6r med sin flotte farge. Frukta sorteres, kvernes og presses til rein eplemost. Denne eplemosten gj\u00e6rer videre igjennom vinteren til nydelige og smaksrike eplesider.\" \/>\n<meta name=\"robots\" content=\"index, follow, max-snippet:-1, max-image-preview:large, max-video-preview:-1\" \/>\n<link rel=\"canonical\" href=\"https:\/\/www.siderlandet.no\/de\/lien-gard\/\" \/>\n<meta property=\"og:locale\" content=\"de_DE\" \/>\n<meta property=\"og:type\" content=\"article\" \/>\n<meta property=\"og:title\" content=\"Lien G\u00e5rd - Siderlandet\" \/>\n<meta property=\"og:description\" content=\"Vi h\u00f8ster og sanker frukt og b\u00e6r fra egen hage. Epler av ypperste kvalitet med de rette smakene og b\u00e6r med sin flotte farge. Frukta sorteres, kvernes og presses til rein eplemost. Denne eplemosten gj\u00e6rer videre igjennom vinteren til nydelige og smaksrike eplesider.\" \/>\n<meta property=\"og:url\" content=\"https:\/\/www.siderlandet.no\/de\/lien-gard\/\" \/>\n<meta property=\"og:site_name\" content=\"Siderlandet\" \/>\n<meta property=\"article:publisher\" content=\"https:\/\/www.facebook.com\/siderlandetnorge\/\" \/>\n<meta property=\"article:published_time\" content=\"2022-04-15T10:06:52+00:00\" \/>\n<meta property=\"article:modified_time\" content=\"2025-09-23T20:57:34+00:00\" \/>\n<meta property=\"og:image\" content=\"https:\/\/www.siderlandet.no\/wp-content\/uploads\/2022\/04\/Lien_gard.jpg\" \/>\n\t<meta property=\"og:image:width\" content=\"719\" \/>\n\t<meta property=\"og:image:height\" content=\"495\" \/>\n\t<meta property=\"og:image:type\" content=\"image\/jpeg\" \/>\n<meta name=\"author\" content=\"elihod\" \/>\n<meta name=\"twitter:card\" content=\"summary_large_image\" \/>\n<meta name=\"twitter:label1\" content=\"Verfasst von\" \/>\n\t<meta name=\"twitter:data1\" content=\"elihod\" \/>\n\t<meta name=\"twitter:label2\" content=\"Gesch\u00e4tzte Lesezeit\" \/>\n\t<meta name=\"twitter:data2\" content=\"2\u00a0Minuten\" \/>\n<script type=\"application\/ld+json\" class=\"yoast-schema-graph\">{\"@context\":\"https:\/\/schema.org\",\"@graph\":[{\"@type\":\"Article\",\"@id\":\"https:\/\/www.siderlandet.no\/lien-gard\/#article\",\"isPartOf\":{\"@id\":\"https:\/\/www.siderlandet.no\/lien-gard\/\"},\"author\":{\"name\":\"elihod\",\"@id\":\"https:\/\/www.siderlandet.no\/#\/schema\/person\/e60548950f4608f3f89e653a3abd5577\"},\"headline\":\"Lien G\u00e5rd\",\"datePublished\":\"2022-04-15T10:06:52+00:00\",\"dateModified\":\"2025-09-23T20:57:34+00:00\",\"mainEntityOfPage\":{\"@id\":\"https:\/\/www.siderlandet.no\/lien-gard\/\"},\"wordCount\":254,\"publisher\":{\"@id\":\"https:\/\/www.siderlandet.no\/#organization\"},\"image\":{\"@id\":\"https:\/\/www.siderlandet.no\/lien-gard\/#primaryimage\"},\"thumbnailUrl\":\"https:\/\/www.siderlandet.no\/wp-content\/uploads\/2022\/04\/Lien_gard.jpg\",\"keywords\":[\"Har g\u00e5rdsutsalg\",\"HORECA\",\"I salg hos Vinmonopolet\",\"produsent med g\u00e5rdsutsalg\",\"ProdusentTelemark\"],\"articleSection\":[\"Produsent\"],\"inLanguage\":\"de\"},{\"@type\":\"WebPage\",\"@id\":\"https:\/\/www.siderlandet.no\/lien-gard\/\",\"url\":\"https:\/\/www.siderlandet.no\/lien-gard\/\",\"name\":\"Lien G\u00e5rd - Siderlandet\",\"isPartOf\":{\"@id\":\"https:\/\/www.siderlandet.no\/#website\"},\"primaryImageOfPage\":{\"@id\":\"https:\/\/www.siderlandet.no\/lien-gard\/#primaryimage\"},\"image\":{\"@id\":\"https:\/\/www.siderlandet.no\/lien-gard\/#primaryimage\"},\"thumbnailUrl\":\"https:\/\/www.siderlandet.no\/wp-content\/uploads\/2022\/04\/Lien_gard.jpg\",\"datePublished\":\"2022-04-15T10:06:52+00:00\",\"dateModified\":\"2025-09-23T20:57:34+00:00\",\"description\":\"Vi h\u00f8ster og sanker frukt og b\u00e6r fra egen hage. Epler av ypperste kvalitet med de rette smakene og b\u00e6r med sin flotte farge. Frukta sorteres, kvernes og presses til rein eplemost. Denne eplemosten gj\u00e6rer videre igjennom vinteren til nydelige og smaksrike eplesider.\",\"breadcrumb\":{\"@id\":\"https:\/\/www.siderlandet.no\/lien-gard\/#breadcrumb\"},\"inLanguage\":\"de\",\"potentialAction\":[{\"@type\":\"ReadAction\",\"target\":[\"https:\/\/www.siderlandet.no\/lien-gard\/\"]}]},{\"@type\":\"ImageObject\",\"inLanguage\":\"de\",\"@id\":\"https:\/\/www.siderlandet.no\/lien-gard\/#primaryimage\",\"url\":\"https:\/\/www.siderlandet.no\/wp-content\/uploads\/2022\/04\/Lien_gard.jpg\",\"contentUrl\":\"https:\/\/www.siderlandet.no\/wp-content\/uploads\/2022\/04\/Lien_gard.jpg\",\"width\":719,\"height\":495},{\"@type\":\"BreadcrumbList\",\"@id\":\"https:\/\/www.siderlandet.no\/lien-gard\/#breadcrumb\",\"itemListElement\":[{\"@type\":\"ListItem\",\"position\":1,\"name\":\"Hjem\",\"item\":\"https:\/\/www.siderlandet.no\/\"},{\"@type\":\"ListItem\",\"position\":2,\"name\":\"Lien G\u00e5rd\"}]},{\"@type\":\"WebSite\",\"@id\":\"https:\/\/www.siderlandet.no\/#website\",\"url\":\"https:\/\/www.siderlandet.no\/\",\"name\":\"Siderlandet Norge\",\"description\":\"All norsk sider p\u00e5 ett sted\",\"publisher\":{\"@id\":\"https:\/\/www.siderlandet.no\/#organization\"},\"potentialAction\":[{\"@type\":\"SearchAction\",\"target\":{\"@type\":\"EntryPoint\",\"urlTemplate\":\"https:\/\/www.siderlandet.no\/?s={search_term_string}\"},\"query-input\":{\"@type\":\"PropertyValueSpecification\",\"valueRequired\":true,\"valueName\":\"search_term_string\"}}],\"inLanguage\":\"de\"},{\"@type\":\"Organization\",\"@id\":\"https:\/\/www.siderlandet.no\/#organization\",\"name\":\"Siderlandet Norge\",\"url\":\"https:\/\/www.siderlandet.no\/\",\"logo\":{\"@type\":\"ImageObject\",\"inLanguage\":\"de\",\"@id\":\"https:\/\/www.siderlandet.no\/#\/schema\/logo\/image\/\",\"url\":\"https:\/\/www.siderlandet.no\/wp-content\/uploads\/2023\/02\/Siderlandet_Staende_sort.png\",\"contentUrl\":\"https:\/\/www.siderlandet.no\/wp-content\/uploads\/2023\/02\/Siderlandet_Staende_sort.png\",\"width\":1867,\"height\":1372,\"caption\":\"Siderlandet Norge\"},\"image\":{\"@id\":\"https:\/\/www.siderlandet.no\/#\/schema\/logo\/image\/\"},\"sameAs\":[\"https:\/\/www.facebook.com\/siderlandetnorge\/\",\"https:\/\/www.instagram.com\/siderlandet\/\"]},{\"@type\":\"Person\",\"@id\":\"https:\/\/www.siderlandet.no\/#\/schema\/person\/e60548950f4608f3f89e653a3abd5577\",\"name\":\"elihod\",\"image\":{\"@type\":\"ImageObject\",\"inLanguage\":\"de\",\"@id\":\"https:\/\/www.siderlandet.no\/#\/schema\/person\/image\/\",\"url\":\"https:\/\/secure.gravatar.com\/avatar\/812fd6ef78ba901ff9f63d51859f73701da4bc84a6f8c8a3988d01c4a1ab6fa3?s=96&d=mm&r=g\",\"contentUrl\":\"https:\/\/secure.gravatar.com\/avatar\/812fd6ef78ba901ff9f63d51859f73701da4bc84a6f8c8a3988d01c4a1ab6fa3?s=96&d=mm&r=g\",\"caption\":\"elihod\"},\"sameAs\":[\"https:\/\/www.siderlandet.no\"],\"url\":\"https:\/\/www.siderlandet.no\/de\/author\/elihod\/\"}]}<\/script>\n<!-- \/ Yoast SEO plugin. -->","yoast_head_json":{"title":"Lien G\u00e5rd - Siderlandet","description":"Wir ernten Obst und Beeren aus unserem eigenen Garten. \u00c4pfel von ausgezeichneter Qualit\u00e4t und mit genau dem richtigen Geschmack, sowie Beeren in ihren saftigen Farben. Das Obst wird sortiert, zerkleinert und zu reinem Apfelsaft gepresst. Der Apfelsaft reift \u00fcber den Winter zu einem herrlichen und geschmacksintensiven Apfelschaumwein an.","robots":{"index":"index","follow":"follow","max-snippet":"max-snippet:-1","max-image-preview":"max-image-preview:large","max-video-preview":"max-video-preview:-1"},"canonical":"https:\/\/www.siderlandet.no\/de\/lien-gard\/","og_locale":"de_DE","og_type":"article","og_title":"Lien G\u00e5rd - Siderlandet","og_description":"Vi h\u00f8ster og sanker frukt og b\u00e6r fra egen hage. Epler av ypperste kvalitet med de rette smakene og b\u00e6r med sin flotte farge. Frukta sorteres, kvernes og presses til rein eplemost. Denne eplemosten gj\u00e6rer videre igjennom vinteren til nydelige og smaksrike eplesider.","og_url":"https:\/\/www.siderlandet.no\/de\/lien-gard\/","og_site_name":"Siderlandet","article_publisher":"https:\/\/www.facebook.com\/siderlandetnorge\/","article_published_time":"2022-04-15T10:06:52+00:00","article_modified_time":"2025-09-23T20:57:34+00:00","og_image":[{"width":719,"height":495,"url":"https:\/\/www.siderlandet.no\/wp-content\/uploads\/2022\/04\/Lien_gard.jpg","type":"image\/jpeg"}],"author":"elihod","twitter_card":"summary_large_image","twitter_misc":{"Verfasst von":"elihod","Gesch\u00e4tzte Lesezeit":"2\u00a0Minuten"},"schema":{"@context":"https:\/\/schema.org","@graph":[{"@type":"Article","@id":"https:\/\/www.siderlandet.no\/lien-gard\/#article","isPartOf":{"@id":"https:\/\/www.siderlandet.no\/lien-gard\/"},"author":{"name":"elihod","@id":"https:\/\/www.siderlandet.no\/#\/schema\/person\/e60548950f4608f3f89e653a3abd5577"},"headline":"Lien G\u00e5rd","datePublished":"2022-04-15T10:06:52+00:00","dateModified":"2025-09-23T20:57:34+00:00","mainEntityOfPage":{"@id":"https:\/\/www.siderlandet.no\/lien-gard\/"},"wordCount":254,"publisher":{"@id":"https:\/\/www.siderlandet.no\/#organization"},"image":{"@id":"https:\/\/www.siderlandet.no\/lien-gard\/#primaryimage"},"thumbnailUrl":"https:\/\/www.siderlandet.no\/wp-content\/uploads\/2022\/04\/Lien_gard.jpg","keywords":["Har g\u00e5rdsutsalg","HORECA","I salg hos Vinmonopolet","produsent med g\u00e5rdsutsalg","ProdusentTelemark"],"articleSection":["Produsent"],"inLanguage":"de"},{"@type":"WebPage","@id":"https:\/\/www.siderlandet.no\/lien-gard\/","url":"https:\/\/www.siderlandet.no\/lien-gard\/","name":"Lien G\u00e5rd - Siderlandet","isPartOf":{"@id":"https:\/\/www.siderlandet.no\/#website"},"primaryImageOfPage":{"@id":"https:\/\/www.siderlandet.no\/lien-gard\/#primaryimage"},"image":{"@id":"https:\/\/www.siderlandet.no\/lien-gard\/#primaryimage"},"thumbnailUrl":"https:\/\/www.siderlandet.no\/wp-content\/uploads\/2022\/04\/Lien_gard.jpg","datePublished":"2022-04-15T10:06:52+00:00","dateModified":"2025-09-23T20:57:34+00:00","description":"Wir ernten Obst und Beeren aus unserem eigenen Garten. \u00c4pfel von ausgezeichneter Qualit\u00e4t und mit genau dem richtigen Geschmack, sowie Beeren in ihren saftigen Farben. Das Obst wird sortiert, zerkleinert und zu reinem Apfelsaft gepresst. Der Apfelsaft reift \u00fcber den Winter zu einem herrlichen und geschmacksintensiven Apfelschaumwein an.","breadcrumb":{"@id":"https:\/\/www.siderlandet.no\/lien-gard\/#breadcrumb"},"inLanguage":"de","potentialAction":[{"@type":"ReadAction","target":["https:\/\/www.siderlandet.no\/lien-gard\/"]}]},{"@type":"ImageObject","inLanguage":"de","@id":"https:\/\/www.siderlandet.no\/lien-gard\/#primaryimage","url":"https:\/\/www.siderlandet.no\/wp-content\/uploads\/2022\/04\/Lien_gard.jpg","contentUrl":"https:\/\/www.siderlandet.no\/wp-content\/uploads\/2022\/04\/Lien_gard.jpg","width":719,"height":495},{"@type":"BreadcrumbList","@id":"https:\/\/www.siderlandet.no\/lien-gard\/#breadcrumb","itemListElement":[{"@type":"ListItem","position":1,"name":"Hjem","item":"https:\/\/www.siderlandet.no\/"},{"@type":"ListItem","position":2,"name":"Lien G\u00e5rd"}]},{"@type":"WebSite","@id":"https:\/\/www.siderlandet.no\/#website","url":"https:\/\/www.siderlandet.no\/","name":"Siderlandet Norge","description":"Alle norwegischen Seiten an einem Ort","publisher":{"@id":"https:\/\/www.siderlandet.no\/#organization"},"potentialAction":[{"@type":"SearchAction","target":{"@type":"EntryPoint","urlTemplate":"https:\/\/www.siderlandet.no\/?s={search_term_string}"},"query-input":{"@type":"PropertyValueSpecification","valueRequired":true,"valueName":"search_term_string"}}],"inLanguage":"de"},{"@type":"Organization","@id":"https:\/\/www.siderlandet.no\/#organization","name":"Siderlandet Norge","url":"https:\/\/www.siderlandet.no\/","logo":{"@type":"ImageObject","inLanguage":"de","@id":"https:\/\/www.siderlandet.no\/#\/schema\/logo\/image\/","url":"https:\/\/www.siderlandet.no\/wp-content\/uploads\/2023\/02\/Siderlandet_Staende_sort.png","contentUrl":"https:\/\/www.siderlandet.no\/wp-content\/uploads\/2023\/02\/Siderlandet_Staende_sort.png","width":1867,"height":1372,"caption":"Siderlandet Norge"},"image":{"@id":"https:\/\/www.siderlandet.no\/#\/schema\/logo\/image\/"},"sameAs":["https:\/\/www.facebook.com\/siderlandetnorge\/","https:\/\/www.instagram.com\/siderlandet\/"]},{"@type":"Person","@id":"https:\/\/www.siderlandet.no\/#\/schema\/person\/e60548950f4608f3f89e653a3abd5577","name":"elihod","image":{"@type":"ImageObject","inLanguage":"de","@id":"https:\/\/www.siderlandet.no\/#\/schema\/person\/image\/","url":"https:\/\/secure.gravatar.com\/avatar\/812fd6ef78ba901ff9f63d51859f73701da4bc84a6f8c8a3988d01c4a1ab6fa3?s=96&d=mm&r=g","contentUrl":"https:\/\/secure.gravatar.com\/avatar\/812fd6ef78ba901ff9f63d51859f73701da4bc84a6f8c8a3988d01c4a1ab6fa3?s=96&d=mm&r=g","caption":"elihod"},"sameAs":["https:\/\/www.siderlandet.no"],"url":"https:\/\/www.siderlandet.no\/de\/author\/elihod\/"}]}},"_links":{"self":[{"href":"https:\/\/www.siderlandet.no\/de\/wp-json\/wp\/v2\/posts\/1340","targetHints":{"allow":["GET"]}}],"collection":[{"href":"https:\/\/www.siderlandet.no\/de\/wp-json\/wp\/v2\/posts"}],"about":[{"href":"https:\/\/www.siderlandet.no\/de\/wp-json\/wp\/v2\/types\/post"}],"author":[{"embeddable":true,"href":"https:\/\/www.siderlandet.no\/de\/wp-json\/wp\/v2\/users\/1"}],"replies":[{"embeddable":true,"href":"https:\/\/www.siderlandet.no\/de\/wp-json\/wp\/v2\/comments?post=1340"}],"version-history":[{"count":16,"href":"https:\/\/www.siderlandet.no\/de\/wp-json\/wp\/v2\/posts\/1340\/revisions"}],"predecessor-version":[{"id":7311,"href":"https:\/\/www.siderlandet.no\/de\/wp-json\/wp\/v2\/posts\/1340\/revisions\/7311"}],"wp:featuredmedia":[{"embeddable":true,"href":"https:\/\/www.siderlandet.no\/de\/wp-json\/wp\/v2\/media\/6470"}],"wp:attachment":[{"href":"https:\/\/www.siderlandet.no\/de\/wp-json\/wp\/v2\/media?parent=1340"}],"wp:term":[{"taxonomy":"category","embeddable":true,"href":"https:\/\/www.siderlandet.no\/de\/wp-json\/wp\/v2\/categories?post=1340"},{"taxonomy":"post_tag","embeddable":true,"href":"https:\/\/www.siderlandet.no\/de\/wp-json\/wp\/v2\/tags?post=1340"},{"taxonomy":"produktfylke-tag","embeddable":true,"href":"https:\/\/www.siderlandet.no\/de\/wp-json\/wp\/v2\/produktfylke-tag?post=1340"},{"taxonomy":"produsentfylke","embeddable":true,"href":"https:\/\/www.siderlandet.no\/de\/wp-json\/wp\/v2\/produsentfylke?post=1340"}],"curies":[{"name":"wp","href":"https:\/\/api.w.org\/{rel}","templated":true}]}}